{"id":101033,"date":"2025-07-21T08:47:23","date_gmt":"2025-07-21T05:47:23","guid":{"rendered":"https:\/\/jetlak.app\/?p=101033"},"modified":"2025-07-21T08:47:23","modified_gmt":"2025-07-21T05:47:23","slug":"mourinho-ilgilendigimi-itiraf-edeyim-diyerek-acikladi","status":"publish","type":"post","link":"https:\/\/jetlak.app\/?p=101033","title":{"rendered":"Mourinho, &#8220;\u0130lgilendi\u011fimi itiraf edeyim&#8221; diyerek a\u00e7\u0131klad\u0131"},"content":{"rendered":"<p><img decoding=\"async\" src=\"https:\/\/cdn1.ntv.com.tr\/gorsel\/AX8LkAPtJkO81EAuF9AuVg.jpg?width=1200&amp;ampmode=crop&amp;ampscale=both\" class=\"type:primaryImage\" alt=\"Takip etti\u011fi y\u0131ld\u0131z\u0131 a\u00e7\u0131klad\u0131\" \/><\/p>\n<p>Fenerbah\u00e7e Teknik Direkt\u00f6r\u00fc Jose Mourinho, takip etti\u011fi tak\u0131mlar\u0131 ve y\u0131ld\u0131z futbolcuyu a\u00e7\u0131klad\u0131. Alman bas\u0131n\u0131 ise sar\u0131 lacivertlilerin yeni sa\u011f bekini yazd\u0131.<\/p>\n<p>Yeni sezon haz\u0131rl\u0131klar\u0131n\u0131 Portekiz&#8217;de yapan Fenerbah\u00e7e, kamptaki ikinci haz\u0131rl\u0131k ma\u00e7\u0131nda 2-0 kazand\u0131. Leiria ma\u00e7\u0131n\u0131n ard\u0131ndan <strong>Jose Mourinho<\/strong> a\u00e7\u0131klamalarda bulundu.   Ma\u00e7\u0131n ard\u0131ndan Fenerbah\u00e7e Teknik Direkt\u00f6r\u00fc Mourinho, Sport TV&#8217;ye a\u00e7\u0131klamalarda bulundu. Portekizli teknik direkt\u00f6r, Sporting&#8217;in golc\u00fcs\u00fc Viktor Gy\u00f6keres&#8217;i yak\u0131ndan takip etti\u011fini s\u00f6yledi.<\/p>\n<p><strong>&#8220;\u0130LG\u0130LEND\u0130\u011e\u0130M\u0130 \u0130T\u0130RAF EDEY\u0130M&#8221;<\/strong>  Tecr\u00fcbeli \u00e7al\u0131\u015ft\u0131r\u0131c\u0131, &#8220;Portekiz futbolunu takip ediyorum. Benfica&#8217;n\u0131n durumuyla daha \u00e7ok ilgilendi\u011fimi itiraf edeyim. \u00c7\u00fcnk\u00fc onlarla \u015eampiyonlar Ligi \u00f6n elemesinde e\u015fle\u015fme ihtimalimiz var. Sporting&#8217;in \u015fampiyonlu\u011funda kilit rol oynayan Gy\u00f6keres&#8217;e ilgi var. Onu da takip ediyorum.&#8221; dedi.<\/p>\n<p><em>Sar\u0131-lacivertlilerin g\u00fcndeminde Sporting&#8217;den Viktor Gy\u00f6keres&#8217;in yer ald\u0131\u011f\u0131 iddia ediliyordu.\u00a0<\/em><\/p>\n<p><img decoding=\"async\" src=\"https:\/\/cdn1.ntv.com.tr\/gorsel\/F6Ye-dx9ukOopuGjayRfuQ.jpg?width=1200&amp;ampmode=crop&amp;ampscale=both\" alt=\"Gy\u00f6keres\" \/><strong>ALMAN BASINI YEN\u0130 TRANSFER\u0130 YAZDI<\/strong>  Alman bas\u0131n\u0131 Fenerbah\u00e7e&#8217;nin Stuttgart formas\u0131 giyen Silas&#8217;la ilgilendi\u011fini yazd\u0131. Kicker&#8217;in haberine g\u00f6re Fenerbah\u00e7e, Stuttgart&#8217;\u0131n ge\u00e7en sezon K\u0131z\u0131ly\u0131ld\u0131z&#8217;a kiralad\u0131\u011f\u0131 26 ya\u015f\u0131ndaki kanat oyuncusu ile ilgileniyor.  Alman ekibi, 2026&#8217;da s\u00f6zle\u015fmesi sona eren Silas i\u00e7in 8 milyon euro talep ediyor. Haberde Stuttgart ve Fenerbah\u00e7eli y\u00f6neticilerin transfer i\u00e7in g\u00f6r\u00fc\u015ft\u00fc\u011f\u00fcn\u00fc ancak hen\u00fcz bir anla\u015fma sa\u011flanmad\u0131\u011f\u0131na vurgu yap\u0131ld\u0131.  <em>Jhon Duran, Archie Brown ve Tar\u0131k \u00c7etin&#8217;i kadrosuna katan sar\u0131-lacivertliler, Milan Skriniar ve Marco Asensio transferinde de sona yakla\u015ft\u0131.<\/em><img decoding=\"async\" src=\"https:\/\/cdn1.ntv.com.tr\/gorsel\/K8yR1FfbmkC_-b8hFjubpA.jpg?width=1200&amp;ampmode=crop&amp;ampscale=both\" alt=\"\" \/><\/p>","protected":false},"excerpt":{"rendered":"<p>Fenerbah\u00e7e Teknik Direkt\u00f6r\u00fc Jose Mourinho, takip etti\u011fi tak\u0131mlar\u0131 ve y\u0131ld\u0131z futbolcuyu a\u00e7\u0131klad\u0131. Alman bas\u0131n\u0131 ise sar\u0131 lacivertlilerin yeni sa\u011f bekini yazd\u0131. Yeni sezon haz\u0131rl\u0131klar\u0131n\u0131 Portekiz&#8217;de yapan Fenerbah\u00e7e, kamptaki ikinci haz\u0131rl\u0131k ma\u00e7\u0131nda 2-0 kazand\u0131. Leiria ma\u00e7\u0131n\u0131n ard\u0131ndan Jose Mourinho a\u00e7\u0131klamalarda bulundu. Ma\u00e7\u0131n ard\u0131ndan Fenerbah\u00e7e Teknik Direkt\u00f6r\u00fc Mourinho, Sport TV&#8217;ye a\u00e7\u0131klamalarda bulundu. Portekizli teknik direkt\u00f6r, Sporting&#8217;in golc\u00fcs\u00fc [&hellip;]<\/p>\n","protected":false},"author":1,"featured_media":101035,"comment_status":"open","ping_status":"open","sticky":false,"template":"","format":"standard","meta":{"jnews-multi-image_gallery":[],"jnews_single_post":[],"jnews_primary_category":[],"jnews_social_meta":[],"jnews_review":[],"enable_review":"","type":"","name":"","summary":"","brand":"","sku":"","good":[],"bad":[],"score_override":"","override_value":"","rating":[],"price":[],"jnews_override_counter":[],"jnews_post_split":[],"footnotes":""},"categories":[90],"tags":[],"class_list":["post-101033","post","type-post","status-publish","format-standard","has-post-thumbnail","hentry","category-ntv_spor"],"amp_enabled":true,"_links":{"self":[{"href":"https:\/\/jetlak.app\/index.php?rest_route=\/wp\/v2\/posts\/101033","targetHints":{"allow":["GET"]}}],"collection":[{"href":"https:\/\/jetlak.app\/index.php?rest_route=\/wp\/v2\/posts"}],"about":[{"href":"https:\/\/jetlak.app\/index.php?rest_route=\/wp\/v2\/types\/post"}],"author":[{"embeddable":true,"href":"https:\/\/jetlak.app\/index.php?rest_route=\/wp\/v2\/users\/1"}],"replies":[{"embeddable":true,"href":"https:\/\/jetlak.app\/index.php?rest_route=%2Fwp%2Fv2%2Fcomments&post=101033"}],"version-history":[{"count":0,"href":"https:\/\/jetlak.app\/index.php?rest_route=\/wp\/v2\/posts\/101033\/revisions"}],"wp:featuredmedia":[{"embeddable":true,"href":"https:\/\/jetlak.app\/index.php?rest_route=\/wp\/v2\/media\/101035"}],"wp:attachment":[{"href":"https:\/\/jetlak.app\/index.php?rest_route=%2Fwp%2Fv2%2Fmedia&parent=101033"}],"wp:term":[{"taxonomy":"category","embeddable":true,"href":"https:\/\/jetlak.app\/index.php?rest_route=%2Fwp%2Fv2%2Fcategories&post=101033"},{"taxonomy":"post_tag","embeddable":true,"href":"https:\/\/jetlak.app\/index.php?rest_route=%2Fwp%2Fv2%2Ftags&post=101033"}],"curies":[{"name":"wp","href":"https:\/\/api.w.org\/{rel}","templated":true}]}}