{"id":102764,"date":"2025-07-21T14:31:53","date_gmt":"2025-07-21T11:31:53","guid":{"rendered":"https:\/\/jetlak.app\/?p=102764"},"modified":"2025-07-21T14:31:53","modified_gmt":"2025-07-21T11:31:53","slug":"transferde-son-dakika-victor-osimhen-ve-galatasaray","status":"publish","type":"post","link":"https:\/\/jetlak.app\/?p=102764","title":{"rendered":"Transferde son dakika! Victor Osimhen ve Galatasaray&#8230;"},"content":{"rendered":"<p><img decoding=\"async\" src=\"https:\/\/iaftm.tmgrup.com.tr\/fea861\/1200\/675\/0\/32\/706\/429?u=https:\/\/iftm.tmgrup.com.tr\/2025\/07\/21\/transferde-son-dakika-victor-osimhen-ve-galatasaray-1753095006088.jpg\" alt=\"Transferde son dakika! Victor Osimhen ve Galatasaray...\" \/><br \/>Son dakika GS haberleri&#8230; D\u00fcnyaca \u00fcnl\u00fc \u0130talyan gazeteci Di Marzio&#8217;dan Victor Osimhen ve Galatasaray&#8217;a transferine ili\u015fkin \u00f6nemli bir a\u00e7\u0131klama geldi. \u0130\u015fte detaylar&#8230;<a href=\"https:\/\/www.fotomac.com.tr\/galatasaray\/2025\/07\/21\/transferde-son-dakika-victor-osimhen-ve-galatasaray\">Devam\u0131 i\u00e7in t\u0131klay\u0131n\u0131z<\/a><\/p>","protected":false},"excerpt":{"rendered":"<p>Son dakika GS haberleri&#8230; D\u00fcnyaca \u00fcnl\u00fc \u0130talyan gazeteci Di Marzio&#8217;dan Victor Osimhen ve Galatasaray&#8217;a transferine ili\u015fkin \u00f6nemli bir a\u00e7\u0131klama geldi. \u0130\u015fte detaylar&#8230;Devam\u0131 i\u00e7in t\u0131klay\u0131n\u0131z<\/p>\n","protected":false},"author":1,"featured_media":102766,"comment_status":"open","ping_status":"open","sticky":false,"template":"","format":"standard","meta":{"jnews-multi-image_gallery":[],"jnews_single_post":[],"jnews_primary_category":[],"jnews_social_meta":[],"jnews_review":[],"enable_review":"","type":"","name":"","summary":"","brand":"","sku":"","good":[],"bad":[],"score_override":"","override_value":"","rating":[],"price":[],"jnews_override_counter":[],"jnews_post_split":[],"footnotes":""},"categories":[92],"tags":[],"class_list":["post-102764","post","type-post","status-publish","format-standard","has-post-thumbnail","hentry","category-fotomac"],"amp_enabled":true,"_links":{"self":[{"href":"https:\/\/jetlak.app\/index.php?rest_route=\/wp\/v2\/posts\/102764","targetHints":{"allow":["GET"]}}],"collection":[{"href":"https:\/\/jetlak.app\/index.php?rest_route=\/wp\/v2\/posts"}],"about":[{"href":"https:\/\/jetlak.app\/index.php?rest_route=\/wp\/v2\/types\/post"}],"author":[{"embeddable":true,"href":"https:\/\/jetlak.app\/index.php?rest_route=\/wp\/v2\/users\/1"}],"replies":[{"embeddable":true,"href":"https:\/\/jetlak.app\/index.php?rest_route=%2Fwp%2Fv2%2Fcomments&post=102764"}],"version-history":[{"count":0,"href":"https:\/\/jetlak.app\/index.php?rest_route=\/wp\/v2\/posts\/102764\/revisions"}],"wp:featuredmedia":[{"embeddable":true,"href":"https:\/\/jetlak.app\/index.php?rest_route=\/wp\/v2\/media\/102766"}],"wp:attachment":[{"href":"https:\/\/jetlak.app\/index.php?rest_route=%2Fwp%2Fv2%2Fmedia&parent=102764"}],"wp:term":[{"taxonomy":"category","embeddable":true,"href":"https:\/\/jetlak.app\/index.php?rest_route=%2Fwp%2Fv2%2Fcategories&post=102764"},{"taxonomy":"post_tag","embeddable":true,"href":"https:\/\/jetlak.app\/index.php?rest_route=%2Fwp%2Fv2%2Ftags&post=102764"}],"curies":[{"name":"wp","href":"https:\/\/api.w.org\/{rel}","templated":true}]}}