{"id":107888,"date":"2025-07-22T08:58:31","date_gmt":"2025-07-22T05:58:31","guid":{"rendered":"https:\/\/jetlak.app\/?p=107888"},"modified":"2025-07-22T08:58:31","modified_gmt":"2025-07-22T05:58:31","slug":"osimhen-tamam-sirada-ederson-ve-ilkay-var-galatasarayin-tek-talebi-ortaya-cikti","status":"publish","type":"post","link":"https:\/\/jetlak.app\/?p=107888","title":{"rendered":"Osimhen tamam s\u0131rada Ederson ve \u0130lkay var: Galatasaray&#8217;\u0131n tek talebi ortaya \u00e7\u0131kt\u0131"},"content":{"rendered":"<p><img decoding=\"async\" src=\"https:\/\/cdn1.ntv.com.tr\/gorsel\/feNWDFGCo0S5l3kONKgvNA.jpg?width=1200&amp;ampmode=crop&amp;ampscale=both\" class=\"type:primaryImage\" alt=\"Hedefta Ederson ve \u0130lkay var\" \/><\/p>\n<p>Galatasaray, Osimhen&#8217;in ard\u0131ndan di\u011fer mevkilere takviye \u00e7al\u0131\u015fmalar\u0131 s\u00fcr\u00fcyor. Sar\u0131-k\u0131rm\u0131z\u0131l\u0131lar Ederson ve \u0130lkay G\u00fcndo\u011fan i\u00e7in sona yakla\u015ft\u0131.<\/p>\n<p>Galatasaray&#8217;da <strong>Victor Osimhen<\/strong> transferinin resmiyet kazanmas\u0131n\u0131n ard\u0131ndan \u00e7al\u0131\u015fmalar h\u0131zlanacak.  Sar\u0131-k\u0131rm\u0131z\u0131l\u0131lar, Fernando Muslera&#8217;n\u0131n bo\u015flu\u011funu<strong> Ederson<\/strong> ile doldurmak istiyor.  Brezilyal\u0131 file bek\u00e7isiyle her konuda anla\u015fan Galatasaray, \u0130ngiliz devinin bonservis bedelinde indirime gitmesini\u00a0istiyor.\u00a0<\/p>\n<p>Sar\u0131-k\u0131rm\u0131z\u0131l\u0131lar\u0131n 7 milyon euroluk maa\u015f teklifini kabul eden deneyimli kaleci i\u00e7in \u0130ngiliz ekibiyle pazarl\u0131klara ge\u00e7ildi.<\/p>\n<p><strong>\u0130LKAY \u0130\u00c7\u0130N MAA\u015e PAZARLI\u011eI<\/strong><\/p>\n<p>Orta sahaya takviye i\u00e7in de <strong>\u0130lkay G\u00fcndo\u011fan<\/strong> ile temas halinde olan sar\u0131-k\u0131rm\u0131z\u0131l\u0131lar, tecr\u00fcbeli futbolcuyla maa\u015f pazarl\u0131klar\u0131n\u0131 s\u00fcrd\u00fcr\u00fcyor.  Torreira, Sara ve Lemina gibi isimlerin ald\u0131klar\u0131 \u00fccretleri g\u00f6z \u00f6n\u00fcne alarak \u0130lkay&#8217;a 4 milyon euro \u00f6neren Galatasaray y\u00f6netimi, 34 ya\u015f\u0131ndaki futbolcunun taleplerinde indirime gitmesini bekliyor.<\/p>\n<p><img decoding=\"async\" src=\"https:\/\/cdn1.ntv.com.tr\/gorsel\/q0MNdx8kS0CHberyFbD_tA.jpg?width=1200&amp;ampmode=crop&amp;ampscale=both\" alt=\"\" \/><\/p>","protected":false},"excerpt":{"rendered":"<p>Galatasaray, Osimhen&#8217;in ard\u0131ndan di\u011fer mevkilere takviye \u00e7al\u0131\u015fmalar\u0131 s\u00fcr\u00fcyor. Sar\u0131-k\u0131rm\u0131z\u0131l\u0131lar Ederson ve \u0130lkay G\u00fcndo\u011fan i\u00e7in sona yakla\u015ft\u0131. Galatasaray&#8217;da Victor Osimhen transferinin resmiyet kazanmas\u0131n\u0131n ard\u0131ndan \u00e7al\u0131\u015fmalar h\u0131zlanacak. Sar\u0131-k\u0131rm\u0131z\u0131l\u0131lar, Fernando Muslera&#8217;n\u0131n bo\u015flu\u011funu Ederson ile doldurmak istiyor. Brezilyal\u0131 file bek\u00e7isiyle her konuda anla\u015fan Galatasaray, \u0130ngiliz devinin bonservis bedelinde indirime gitmesini\u00a0istiyor.\u00a0 Sar\u0131-k\u0131rm\u0131z\u0131l\u0131lar\u0131n 7 milyon euroluk maa\u015f teklifini kabul eden deneyimli [&hellip;]<\/p>\n","protected":false},"author":1,"featured_media":107890,"comment_status":"open","ping_status":"open","sticky":false,"template":"","format":"standard","meta":{"jnews-multi-image_gallery":[],"jnews_single_post":[],"jnews_primary_category":[],"jnews_social_meta":[],"jnews_review":[],"enable_review":"","type":"","name":"","summary":"","brand":"","sku":"","good":[],"bad":[],"score_override":"","override_value":"","rating":[],"price":[],"jnews_override_counter":[],"jnews_post_split":[],"footnotes":""},"categories":[90],"tags":[],"class_list":["post-107888","post","type-post","status-publish","format-standard","has-post-thumbnail","hentry","category-ntv_spor"],"amp_enabled":true,"_links":{"self":[{"href":"https:\/\/jetlak.app\/index.php?rest_route=\/wp\/v2\/posts\/107888","targetHints":{"allow":["GET"]}}],"collection":[{"href":"https:\/\/jetlak.app\/index.php?rest_route=\/wp\/v2\/posts"}],"about":[{"href":"https:\/\/jetlak.app\/index.php?rest_route=\/wp\/v2\/types\/post"}],"author":[{"embeddable":true,"href":"https:\/\/jetlak.app\/index.php?rest_route=\/wp\/v2\/users\/1"}],"replies":[{"embeddable":true,"href":"https:\/\/jetlak.app\/index.php?rest_route=%2Fwp%2Fv2%2Fcomments&post=107888"}],"version-history":[{"count":0,"href":"https:\/\/jetlak.app\/index.php?rest_route=\/wp\/v2\/posts\/107888\/revisions"}],"wp:featuredmedia":[{"embeddable":true,"href":"https:\/\/jetlak.app\/index.php?rest_route=\/wp\/v2\/media\/107890"}],"wp:attachment":[{"href":"https:\/\/jetlak.app\/index.php?rest_route=%2Fwp%2Fv2%2Fmedia&parent=107888"}],"wp:term":[{"taxonomy":"category","embeddable":true,"href":"https:\/\/jetlak.app\/index.php?rest_route=%2Fwp%2Fv2%2Fcategories&post=107888"},{"taxonomy":"post_tag","embeddable":true,"href":"https:\/\/jetlak.app\/index.php?rest_route=%2Fwp%2Fv2%2Ftags&post=107888"}],"curies":[{"name":"wp","href":"https:\/\/api.w.org\/{rel}","templated":true}]}}