{"id":108980,"date":"2025-07-22T15:01:56","date_gmt":"2025-07-22T12:01:56","guid":{"rendered":"https:\/\/jetlak.app\/?p=108980"},"modified":"2025-07-22T15:01:56","modified_gmt":"2025-07-22T12:01:56","slug":"arda-turan-galatasaray-yazisini-neden-kaldirdigini-acikladi","status":"publish","type":"post","link":"https:\/\/jetlak.app\/?p=108980","title":{"rendered":"Arda Turan, Galatasaray yaz\u0131s\u0131n\u0131 neden kald\u0131rd\u0131\u011f\u0131n\u0131 a\u00e7\u0131klad\u0131"},"content":{"rendered":"<p><img decoding=\"async\" src=\"https:\/\/cdn1.ntv.com.tr\/gorsel\/mOetByMjJ0WQbtYBbFGk_Q.jpg?width=1200&amp;ampmode=crop&amp;ampscale=both\" class=\"type:primaryImage\" alt=\"Arda Turan, yaz\u0131y\u0131 neden kald\u0131rd\u0131?\" \/><\/p>\n<p>Galatasaray yaz\u0131s\u0131n\u0131 kald\u0131rd\u0131\u011f\u0131 i\u00e7in sar\u0131 k\u0131rm\u0131z\u0131l\u0131 taraftarlar\u0131n tepkisini \u00e7eken Arda Turan konuya a\u00e7\u0131kl\u0131k getirdi.<\/p>\n<p>Shakhtar Donetsk Teknik Direkt\u00f6r\u00fc<strong> Arda Turan, Galatasaray<\/strong> yaz\u0131s\u0131n\u0131 neden kald\u0131rd\u0131\u011f\u0131n\u0131 a\u00e7\u0131klad\u0131<\/p>\n<p>&#8220;Benim i\u00e7in Galatasaray, sadece Galatasaray&#8221; diyen Turan, &#8220;Belgeselde de s\u00f6ylemi\u015ftim onu oradan kald\u0131r\u0131rsak benim sadece Galatasarayl\u0131 oldu\u011fumu bilmiyor musunuz?&#8221; ifadelerini kulland\u0131.<\/p>\n<p><strong>GLOBAL B\u0130R PROF\u0130L YARATMA HEDEF\u0130<\/strong>  Libre Sports&#8217;a konu\u015fan Turan, &#8220;Daha global daha profesyonel bir profil haline getirdik. Yani oradan Galatasaray&#8217;\u0131 silmek de\u011fil ama\u00e7. D\u00fcnyan\u0131n en iyi tak\u0131mlar\u0131nda teknik direkt\u00f6rl\u00fck yapabilecek ki\u015fi profili yaratmaya \u00e7al\u0131\u015f\u0131yorum.&#8221;<\/p>\n<p><img decoding=\"async\" src=\"https:\/\/cdn1.ntv.com.tr\/gorsel\/q1KBqsXtUkyOJC8pNOJ6eQ.jpg?width=1200&amp;ampmode=crop&amp;ampscale=both\" alt=\"\" \/><strong>Turan s\u00f6zlerini \u015f\u00f6yle s\u00fcrd\u00fcrd\u00fc:<\/strong>  &#8220;Galatasarayl\u0131l\u0131kla ilgili bir konu, benimle ilgili de\u011ferlendirmeye a\u00e7\u0131k de\u011fil. Onu yapamazlar yani. Ben Ali Sami Yen&#8217;de ma\u00e7 izlemi\u015f jenerasyonun kendisiyim. En \u015fok sahadaki bizlerden birisiyim!&#8221;  <em>Turan&#8217;\u0131n\u00a0\u00e7al\u0131\u015ft\u0131rd\u0131\u011f\u0131\u00a0Shakhtar Donetsk ile Be\u015fikta\u015f per\u015fembe ak\u015fam\u0131 21.00&#8217;da Dolmabah\u00e7e&#8217;de kar\u015f\u0131la\u015facak.\u00a0<\/em><\/p>","protected":false},"excerpt":{"rendered":"<p>Galatasaray yaz\u0131s\u0131n\u0131 kald\u0131rd\u0131\u011f\u0131 i\u00e7in sar\u0131 k\u0131rm\u0131z\u0131l\u0131 taraftarlar\u0131n tepkisini \u00e7eken Arda Turan konuya a\u00e7\u0131kl\u0131k getirdi. Shakhtar Donetsk Teknik Direkt\u00f6r\u00fc Arda Turan, Galatasaray yaz\u0131s\u0131n\u0131 neden kald\u0131rd\u0131\u011f\u0131n\u0131 a\u00e7\u0131klad\u0131 &#8220;Benim i\u00e7in Galatasaray, sadece Galatasaray&#8221; diyen Turan, &#8220;Belgeselde de s\u00f6ylemi\u015ftim onu oradan kald\u0131r\u0131rsak benim sadece Galatasarayl\u0131 oldu\u011fumu bilmiyor musunuz?&#8221; ifadelerini kulland\u0131. GLOBAL B\u0130R PROF\u0130L YARATMA HEDEF\u0130 Libre Sports&#8217;a konu\u015fan Turan, [&hellip;]<\/p>\n","protected":false},"author":1,"featured_media":108982,"comment_status":"open","ping_status":"open","sticky":false,"template":"","format":"standard","meta":{"jnews-multi-image_gallery":[],"jnews_single_post":[],"jnews_primary_category":[],"jnews_social_meta":[],"jnews_review":[],"enable_review":"","type":"","name":"","summary":"","brand":"","sku":"","good":[],"bad":[],"score_override":"","override_value":"","rating":[],"price":[],"jnews_override_counter":[],"jnews_post_split":[],"footnotes":""},"categories":[90],"tags":[],"class_list":["post-108980","post","type-post","status-publish","format-standard","has-post-thumbnail","hentry","category-ntv_spor"],"amp_enabled":true,"_links":{"self":[{"href":"https:\/\/jetlak.app\/index.php?rest_route=\/wp\/v2\/posts\/108980","targetHints":{"allow":["GET"]}}],"collection":[{"href":"https:\/\/jetlak.app\/index.php?rest_route=\/wp\/v2\/posts"}],"about":[{"href":"https:\/\/jetlak.app\/index.php?rest_route=\/wp\/v2\/types\/post"}],"author":[{"embeddable":true,"href":"https:\/\/jetlak.app\/index.php?rest_route=\/wp\/v2\/users\/1"}],"replies":[{"embeddable":true,"href":"https:\/\/jetlak.app\/index.php?rest_route=%2Fwp%2Fv2%2Fcomments&post=108980"}],"version-history":[{"count":0,"href":"https:\/\/jetlak.app\/index.php?rest_route=\/wp\/v2\/posts\/108980\/revisions"}],"wp:featuredmedia":[{"embeddable":true,"href":"https:\/\/jetlak.app\/index.php?rest_route=\/wp\/v2\/media\/108982"}],"wp:attachment":[{"href":"https:\/\/jetlak.app\/index.php?rest_route=%2Fwp%2Fv2%2Fmedia&parent=108980"}],"wp:term":[{"taxonomy":"category","embeddable":true,"href":"https:\/\/jetlak.app\/index.php?rest_route=%2Fwp%2Fv2%2Fcategories&post=108980"},{"taxonomy":"post_tag","embeddable":true,"href":"https:\/\/jetlak.app\/index.php?rest_route=%2Fwp%2Fv2%2Ftags&post=108980"}],"curies":[{"name":"wp","href":"https:\/\/api.w.org\/{rel}","templated":true}]}}