{"id":108983,"date":"2025-07-22T15:01:57","date_gmt":"2025-07-22T12:01:57","guid":{"rendered":"https:\/\/jetlak.app\/?p=108983"},"modified":"2025-07-22T15:01:57","modified_gmt":"2025-07-22T12:01:57","slug":"galatasaraydan-icardi-aciklamasi-dikkat-etmemiz-gerek","status":"publish","type":"post","link":"https:\/\/jetlak.app\/?p=108983","title":{"rendered":"Galatasaray&#8217;dan Icardi a\u00e7\u0131klamas\u0131: &#8220;Dikkat etmemiz gerek&#8221;"},"content":{"rendered":"<p><img decoding=\"async\" src=\"https:\/\/cdn1.ntv.com.tr\/gorsel\/a-s64fm91USxRGTirbpecg.jpg?width=1200&amp;ampmode=crop&amp;ampscale=both\" class=\"type:primaryImage\" alt=\"Galatasaray'dan Icardi a\u00e7\u0131klamas\u0131\" \/><\/p>\n<p>Galatasaray&#8217;dan yap\u0131lan\u00a0bilgilendirmede\u00a0Icardi&#8217;nin sa\u011fl\u0131k durumuyla ilgili a\u00e7\u0131klama geldi.<\/p>\n<p>Galatasaray Kul\u00fcp Doktoru Yener \u0130nce&#8217;den sakat oyuncular\u0131n durumuyla ilgili konu\u015ftu.\u00a0  \u0130nce, sakatl\u0131ktan \u00e7\u0131kan Icardi&#8217;nin iyile\u015fme s\u00fcrecinin yolunda gitti\u011fini s\u00f6yledi.<\/p>\n<p><strong>&#8220;D\u0130KKAT ETMEM\u0130Z GEREK&#8221;<\/strong>   \u00d6n \u00e7apraz ba\u011f sakatl\u0131\u011f\u0131ndan \u00e7\u0131kan Icardi&#8217;de her \u015feyin yolunda oldu\u011funa de\u011finen \u0130nce, &#8220;Icardi, joker olarak topla \u00e7al\u0131\u015fmalara ba\u015flad\u0131. \u015eu an iyi bir yerde. Tedbirli gidece\u011fiz, ak\u0131ll\u0131 olaca\u011f\u0131z. \u015eu an sakatl\u0131\u011f\u0131n\u0131n 231. g\u00fcn\u00fcndeyiz. Tek iste\u011fimiz Icardi&#8217;nin sa\u011fl\u0131kl\u0131 d\u00f6nmesi. Icardi yap\u0131 olarak bug\u00fcn oynamak ister ama dikkat etmemiz gerek. Kilosu da g\u00fcnden g\u00fcne d\u00fc\u015f\u00fcyor.&#8221; diye konu\u015ftu.<\/p>\n<p><img decoding=\"async\" src=\"https:\/\/cdn1.ntv.com.tr\/gorsel\/YumgIuwuXEiA_pMcTClIGw.jpg?width=1200&amp;ampmode=crop&amp;ampscale=both\" alt=\"\" \/><strong>&#8220;ANTRENMANA \u00c7IKMAYACAK&#8221;<\/strong>  Avusturya 2. Ligi tak\u0131mlar\u0131ndan Admira Wacker ile yap\u0131lan m\u00fcsabakada sakatlanan Nicolo Zaniolo ile Batuhan \u015een&#8217;in durumlar\u0131n\u0131 de\u011ferlendiren \u0130nce, &#8220;Zaniolo ile ma\u00e7tan sonra konu\u015ftu\u011fumuzda quadriceps kas\u0131nda a\u011fr\u0131 hissetti\u011fini s\u00f6yledi. Tedbir ama\u00e7l\u0131 MR \u00e7ekece\u011fiz. Bu y\u00fczden antrenmana \u00e7\u0131kmayacak. Batuhan bir kafa travmas\u0131 ge\u00e7irdi. \u00c7ok \u015f\u00fck\u00fcr beyinle ilgili bir \u015fey yok. Ancak dizinde i\u00e7 yan ba\u011flar\u0131nda bir hasar var. Onun tedavisine ba\u015flad\u0131k. \u0130stanbul&#8217;da tedavisine devam edece\u011fiz.&#8221; ifadelerini kulland\u0131.<img decoding=\"async\" src=\"https:\/\/cdn1.ntv.com.tr\/gorsel\/pPXKcmHLdUKwcc1ENdY5yA.jpg?width=1200&amp;ampmode=crop&amp;ampscale=both\" alt=\"\" \/><\/p>","protected":false},"excerpt":{"rendered":"<p>Galatasaray&#8217;dan yap\u0131lan\u00a0bilgilendirmede\u00a0Icardi&#8217;nin sa\u011fl\u0131k durumuyla ilgili a\u00e7\u0131klama geldi. Galatasaray Kul\u00fcp Doktoru Yener \u0130nce&#8217;den sakat oyuncular\u0131n durumuyla ilgili konu\u015ftu.\u00a0 \u0130nce, sakatl\u0131ktan \u00e7\u0131kan Icardi&#8217;nin iyile\u015fme s\u00fcrecinin yolunda gitti\u011fini s\u00f6yledi. &#8220;D\u0130KKAT ETMEM\u0130Z GEREK&#8221; \u00d6n \u00e7apraz ba\u011f sakatl\u0131\u011f\u0131ndan \u00e7\u0131kan Icardi&#8217;de her \u015feyin yolunda oldu\u011funa de\u011finen \u0130nce, &#8220;Icardi, joker olarak topla \u00e7al\u0131\u015fmalara ba\u015flad\u0131. \u015eu an iyi bir yerde. Tedbirli gidece\u011fiz, ak\u0131ll\u0131 [&hellip;]<\/p>\n","protected":false},"author":1,"featured_media":108985,"comment_status":"open","ping_status":"open","sticky":false,"template":"","format":"standard","meta":{"jnews-multi-image_gallery":[],"jnews_single_post":[],"jnews_primary_category":[],"jnews_social_meta":[],"jnews_review":[],"enable_review":"","type":"","name":"","summary":"","brand":"","sku":"","good":[],"bad":[],"score_override":"","override_value":"","rating":[],"price":[],"jnews_override_counter":[],"jnews_post_split":[],"footnotes":""},"categories":[90],"tags":[],"class_list":["post-108983","post","type-post","status-publish","format-standard","has-post-thumbnail","hentry","category-ntv_spor"],"amp_enabled":true,"_links":{"self":[{"href":"https:\/\/jetlak.app\/index.php?rest_route=\/wp\/v2\/posts\/108983","targetHints":{"allow":["GET"]}}],"collection":[{"href":"https:\/\/jetlak.app\/index.php?rest_route=\/wp\/v2\/posts"}],"about":[{"href":"https:\/\/jetlak.app\/index.php?rest_route=\/wp\/v2\/types\/post"}],"author":[{"embeddable":true,"href":"https:\/\/jetlak.app\/index.php?rest_route=\/wp\/v2\/users\/1"}],"replies":[{"embeddable":true,"href":"https:\/\/jetlak.app\/index.php?rest_route=%2Fwp%2Fv2%2Fcomments&post=108983"}],"version-history":[{"count":0,"href":"https:\/\/jetlak.app\/index.php?rest_route=\/wp\/v2\/posts\/108983\/revisions"}],"wp:featuredmedia":[{"embeddable":true,"href":"https:\/\/jetlak.app\/index.php?rest_route=\/wp\/v2\/media\/108985"}],"wp:attachment":[{"href":"https:\/\/jetlak.app\/index.php?rest_route=%2Fwp%2Fv2%2Fmedia&parent=108983"}],"wp:term":[{"taxonomy":"category","embeddable":true,"href":"https:\/\/jetlak.app\/index.php?rest_route=%2Fwp%2Fv2%2Fcategories&post=108983"},{"taxonomy":"post_tag","embeddable":true,"href":"https:\/\/jetlak.app\/index.php?rest_route=%2Fwp%2Fv2%2Ftags&post=108983"}],"curies":[{"name":"wp","href":"https:\/\/api.w.org\/{rel}","templated":true}]}}