{"id":114447,"date":"2025-07-23T11:39:29","date_gmt":"2025-07-23T08:39:29","guid":{"rendered":"https:\/\/jetlak.app\/?p=114447"},"modified":"2025-07-23T11:39:29","modified_gmt":"2025-07-23T08:39:29","slug":"fenerbahcenin-eski-yildizi-dirk-kuyttan-flas-aciklama-feyenoord-kazanacaktir","status":"publish","type":"post","link":"https:\/\/jetlak.app\/?p=114447","title":{"rendered":"Fenerbah\u00e7e&#8217;nin eski y\u0131ld\u0131z\u0131 Dirk Kuyt&#8217;tan fla\u015f a\u00e7\u0131klama! &#8220;Feyenoord kazanacakt\u0131r&#8221;"},"content":{"rendered":"<p><img decoding=\"async\" src=\"https:\/\/iaftm.tmgrup.com.tr\/0442c1\/1200\/675\/0\/0\/1500\/844?u=https:\/\/iftm.tmgrup.com.tr\/2025\/07\/23\/fenerbahcenin-eski-yildizi-dirk-kuyttan-flas-aciklama-feyenoord-kazanacaktir-1753258536825.jpeg\" alt=\"Fenerbah\u00e7e'nin eski y\u0131ld\u0131z\u0131 Dirk Kuyt'tan fla\u015f a\u00e7\u0131klama! Feyenoord kazanacakt\u0131r\" \/><br \/>Fenerbah\u00e7e&#8217;nin eski y\u0131ld\u0131z\u0131 Dirk Kuyt, sar\u0131 lacivertlilerin UEFA \u015eampiyonlar Ligi 3. Eleme Turu&#8217;nda Feyenoord ile e\u015fle\u015fmesini de\u011ferlendirdi. Kuyt, kazanacak taraf\u0131 i\u015faret ederken iki tak\u0131m aras\u0131ndaki fark\u0131&#8230;<a href=\"https:\/\/www.fotomac.com.tr\/fenerbahce\/2025\/07\/23\/fenerbahcenin-eski-yildizi-dirk-kuyttan-flas-aciklama-feyenoord-kazanacaktir\">Devam\u0131 i\u00e7in t\u0131klay\u0131n\u0131z<\/a><\/p>","protected":false},"excerpt":{"rendered":"<p>Fenerbah\u00e7e&#8217;nin eski y\u0131ld\u0131z\u0131 Dirk Kuyt, sar\u0131 lacivertlilerin UEFA \u015eampiyonlar Ligi 3. Eleme Turu&#8217;nda Feyenoord ile e\u015fle\u015fmesini de\u011ferlendirdi. Kuyt, kazanacak taraf\u0131 i\u015faret ederken iki tak\u0131m aras\u0131ndaki fark\u0131&#8230;Devam\u0131 i\u00e7in t\u0131klay\u0131n\u0131z<\/p>\n","protected":false},"author":1,"featured_media":114449,"comment_status":"open","ping_status":"open","sticky":false,"template":"","format":"standard","meta":{"jnews-multi-image_gallery":[],"jnews_single_post":[],"jnews_primary_category":[],"jnews_social_meta":[],"jnews_review":[],"enable_review":"","type":"","name":"","summary":"","brand":"","sku":"","good":[],"bad":[],"score_override":"","override_value":"","rating":[],"price":[],"jnews_override_counter":[],"jnews_post_split":[],"footnotes":""},"categories":[92],"tags":[],"class_list":["post-114447","post","type-post","status-publish","format-standard","has-post-thumbnail","hentry","category-fotomac"],"amp_enabled":true,"_links":{"self":[{"href":"https:\/\/jetlak.app\/index.php?rest_route=\/wp\/v2\/posts\/114447","targetHints":{"allow":["GET"]}}],"collection":[{"href":"https:\/\/jetlak.app\/index.php?rest_route=\/wp\/v2\/posts"}],"about":[{"href":"https:\/\/jetlak.app\/index.php?rest_route=\/wp\/v2\/types\/post"}],"author":[{"embeddable":true,"href":"https:\/\/jetlak.app\/index.php?rest_route=\/wp\/v2\/users\/1"}],"replies":[{"embeddable":true,"href":"https:\/\/jetlak.app\/index.php?rest_route=%2Fwp%2Fv2%2Fcomments&post=114447"}],"version-history":[{"count":0,"href":"https:\/\/jetlak.app\/index.php?rest_route=\/wp\/v2\/posts\/114447\/revisions"}],"wp:featuredmedia":[{"embeddable":true,"href":"https:\/\/jetlak.app\/index.php?rest_route=\/wp\/v2\/media\/114449"}],"wp:attachment":[{"href":"https:\/\/jetlak.app\/index.php?rest_route=%2Fwp%2Fv2%2Fmedia&parent=114447"}],"wp:term":[{"taxonomy":"category","embeddable":true,"href":"https:\/\/jetlak.app\/index.php?rest_route=%2Fwp%2Fv2%2Fcategories&post=114447"},{"taxonomy":"post_tag","embeddable":true,"href":"https:\/\/jetlak.app\/index.php?rest_route=%2Fwp%2Fv2%2Ftags&post=114447"}],"curies":[{"name":"wp","href":"https:\/\/api.w.org\/{rel}","templated":true}]}}