{"id":118776,"date":"2025-07-23T23:34:28","date_gmt":"2025-07-23T20:34:28","guid":{"rendered":"https:\/\/jetlak.app\/?p=118776"},"modified":"2025-07-23T23:34:28","modified_gmt":"2025-07-23T20:34:28","slug":"galatasaray-haberleri-okan-buruktan-victor-osimhen-aciklamasi","status":"publish","type":"post","link":"https:\/\/jetlak.app\/?p=118776","title":{"rendered":"GALATASARAY HABERLER\u0130 &#8211; Okan Buruk&#8217;tan Victor Osimhen a\u00e7\u0131klamas\u0131!"},"content":{"rendered":"<p><img decoding=\"async\" src=\"https:\/\/iaftm.tmgrup.com.tr\/6dfe27\/1200\/675\/0\/0\/800\/450?u=https:\/\/iftm.tmgrup.com.tr\/2025\/07\/23\/galatasaray-haberleri-okan-buruktan-victor-osimhen-aciklamasi-1753301364635.jpeg\" alt=\"GALATASARAY HABERLER\u0130 - Okan Buruk'tan Victor Osimhen a\u00e7\u0131klamas\u0131!\" \/><br \/>Galatasaray Teknik Direkt\u00f6r\u00fc Okan Buruk, Cagliari ma\u00e7\u0131n\u0131n ard\u0131ndan a\u00e7\u0131klamalarda bulundu. Tecr\u00fcbeli \u00e7al\u0131\u015ft\u0131r\u0131c\u0131 tak\u0131mdan ayr\u0131lacak isimler ve Victor Osimhen&#8217;in transferi hakk\u0131nda konu\u015ftu. \u0130\u015fte detaylar&#8230;&#8230;<a href=\"https:\/\/www.fotomac.com.tr\/galatasaray\/2025\/07\/23\/galatasaray-haberleri-okan-buruktan-victor-osimhen-aciklamasi\">Devam\u0131 i\u00e7in t\u0131klay\u0131n\u0131z<\/a><\/p>","protected":false},"excerpt":{"rendered":"<p>Galatasaray Teknik Direkt\u00f6r\u00fc Okan Buruk, Cagliari ma\u00e7\u0131n\u0131n ard\u0131ndan a\u00e7\u0131klamalarda bulundu. Tecr\u00fcbeli \u00e7al\u0131\u015ft\u0131r\u0131c\u0131 tak\u0131mdan ayr\u0131lacak isimler ve Victor Osimhen&#8217;in transferi hakk\u0131nda konu\u015ftu. \u0130\u015fte detaylar&#8230;&#8230;Devam\u0131 i\u00e7in t\u0131klay\u0131n\u0131z<\/p>\n","protected":false},"author":1,"featured_media":118778,"comment_status":"open","ping_status":"open","sticky":false,"template":"","format":"standard","meta":{"jnews-multi-image_gallery":[],"jnews_single_post":[],"jnews_primary_category":[],"jnews_social_meta":[],"jnews_review":[],"enable_review":"","type":"","name":"","summary":"","brand":"","sku":"","good":[],"bad":[],"score_override":"","override_value":"","rating":[],"price":[],"jnews_override_counter":[],"jnews_post_split":[],"footnotes":""},"categories":[92],"tags":[],"class_list":["post-118776","post","type-post","status-publish","format-standard","has-post-thumbnail","hentry","category-fotomac"],"amp_enabled":true,"_links":{"self":[{"href":"https:\/\/jetlak.app\/index.php?rest_route=\/wp\/v2\/posts\/118776","targetHints":{"allow":["GET"]}}],"collection":[{"href":"https:\/\/jetlak.app\/index.php?rest_route=\/wp\/v2\/posts"}],"about":[{"href":"https:\/\/jetlak.app\/index.php?rest_route=\/wp\/v2\/types\/post"}],"author":[{"embeddable":true,"href":"https:\/\/jetlak.app\/index.php?rest_route=\/wp\/v2\/users\/1"}],"replies":[{"embeddable":true,"href":"https:\/\/jetlak.app\/index.php?rest_route=%2Fwp%2Fv2%2Fcomments&post=118776"}],"version-history":[{"count":0,"href":"https:\/\/jetlak.app\/index.php?rest_route=\/wp\/v2\/posts\/118776\/revisions"}],"wp:featuredmedia":[{"embeddable":true,"href":"https:\/\/jetlak.app\/index.php?rest_route=\/wp\/v2\/media\/118778"}],"wp:attachment":[{"href":"https:\/\/jetlak.app\/index.php?rest_route=%2Fwp%2Fv2%2Fmedia&parent=118776"}],"wp:term":[{"taxonomy":"category","embeddable":true,"href":"https:\/\/jetlak.app\/index.php?rest_route=%2Fwp%2Fv2%2Fcategories&post=118776"},{"taxonomy":"post_tag","embeddable":true,"href":"https:\/\/jetlak.app\/index.php?rest_route=%2Fwp%2Fv2%2Ftags&post=118776"}],"curies":[{"name":"wp","href":"https:\/\/api.w.org\/{rel}","templated":true}]}}