{"id":120256,"date":"2025-07-24T07:26:01","date_gmt":"2025-07-24T04:26:01","guid":{"rendered":"https:\/\/jetlak.app\/?p=120256"},"modified":"2025-07-24T07:26:01","modified_gmt":"2025-07-24T04:26:01","slug":"galatasaraya-kim-min-jae-transferinde-yesil-isik-satin-alma-opsiyonlu","status":"publish","type":"post","link":"https:\/\/jetlak.app\/?p=120256","title":{"rendered":"Galatasaray&#8217;a Kim Min-jae transferinde ye\u015fil \u0131\u015f\u0131k! Sat\u0131n alma opsiyonlu&#8230;"},"content":{"rendered":"<p><img decoding=\"async\" src=\"https:\/\/iaftm.tmgrup.com.tr\/9a395e\/1200\/675\/0\/0\/642\/361?u=https:\/\/iftm.tmgrup.com.tr\/2025\/07\/23\/kim-harekati-1753291213784.jpeg\" alt=\"Galatasaray'a Kim Min-jae transferinde ye\u015fil \u0131\u015f\u0131k! Sat\u0131n alma opsiyonlu...\" \/><br \/>Sar\u0131-k\u0131rm\u0131z\u0131l\u0131lar, bir d\u00f6nem Fenerbah\u00e7e formas\u0131 da giyen G\u00fcney Koreli y\u0131ld\u0131z\u0131 bitiriyor. Bayern M\u00fcnih taraf\u0131ndan olumlu yan\u0131t alan Cimbom, Kim Min-jae ile g\u00f6r\u00fc\u015fmelerine start verecek. Oyuncunun Alman ekibinden&#8230;<a href=\"https:\/\/www.fotomac.com.tr\/galatasaray\/2025\/07\/24\/galatasaraya-kim-min-jae-transferinde-yesil-isik-satin-alma-opsiyonlu\">Devam\u0131 i\u00e7in t\u0131klay\u0131n\u0131z<\/a><\/p>","protected":false},"excerpt":{"rendered":"<p>Sar\u0131-k\u0131rm\u0131z\u0131l\u0131lar, bir d\u00f6nem Fenerbah\u00e7e formas\u0131 da giyen G\u00fcney Koreli y\u0131ld\u0131z\u0131 bitiriyor. Bayern M\u00fcnih taraf\u0131ndan olumlu yan\u0131t alan Cimbom, Kim Min-jae ile g\u00f6r\u00fc\u015fmelerine start verecek. Oyuncunun Alman ekibinden&#8230;Devam\u0131 i\u00e7in t\u0131klay\u0131n\u0131z<\/p>\n","protected":false},"author":1,"featured_media":120258,"comment_status":"open","ping_status":"open","sticky":false,"template":"","format":"standard","meta":{"jnews-multi-image_gallery":[],"jnews_single_post":[],"jnews_primary_category":[],"jnews_social_meta":[],"jnews_review":[],"enable_review":"","type":"","name":"","summary":"","brand":"","sku":"","good":[],"bad":[],"score_override":"","override_value":"","rating":[],"price":[],"jnews_override_counter":[],"jnews_post_split":[],"footnotes":""},"categories":[92],"tags":[],"class_list":["post-120256","post","type-post","status-publish","format-standard","has-post-thumbnail","hentry","category-fotomac"],"amp_enabled":true,"_links":{"self":[{"href":"https:\/\/jetlak.app\/index.php?rest_route=\/wp\/v2\/posts\/120256","targetHints":{"allow":["GET"]}}],"collection":[{"href":"https:\/\/jetlak.app\/index.php?rest_route=\/wp\/v2\/posts"}],"about":[{"href":"https:\/\/jetlak.app\/index.php?rest_route=\/wp\/v2\/types\/post"}],"author":[{"embeddable":true,"href":"https:\/\/jetlak.app\/index.php?rest_route=\/wp\/v2\/users\/1"}],"replies":[{"embeddable":true,"href":"https:\/\/jetlak.app\/index.php?rest_route=%2Fwp%2Fv2%2Fcomments&post=120256"}],"version-history":[{"count":0,"href":"https:\/\/jetlak.app\/index.php?rest_route=\/wp\/v2\/posts\/120256\/revisions"}],"wp:featuredmedia":[{"embeddable":true,"href":"https:\/\/jetlak.app\/index.php?rest_route=\/wp\/v2\/media\/120258"}],"wp:attachment":[{"href":"https:\/\/jetlak.app\/index.php?rest_route=%2Fwp%2Fv2%2Fmedia&parent=120256"}],"wp:term":[{"taxonomy":"category","embeddable":true,"href":"https:\/\/jetlak.app\/index.php?rest_route=%2Fwp%2Fv2%2Fcategories&post=120256"},{"taxonomy":"post_tag","embeddable":true,"href":"https:\/\/jetlak.app\/index.php?rest_route=%2Fwp%2Fv2%2Ftags&post=120256"}],"curies":[{"name":"wp","href":"https:\/\/api.w.org\/{rel}","templated":true}]}}