{"id":120259,"date":"2025-07-24T07:26:06","date_gmt":"2025-07-24T04:26:06","guid":{"rendered":"https:\/\/jetlak.app\/?p=120259"},"modified":"2025-07-24T07:26:06","modified_gmt":"2025-07-24T04:26:06","slug":"fenerbahce-orta-sahasi-icin-yeni-hedef-sambaci-iste-transfer-formulu","status":"publish","type":"post","link":"https:\/\/jetlak.app\/?p=120259","title":{"rendered":"Fenerbah\u00e7e orta sahas\u0131 i\u00e7in yeni hedef Sambac\u0131! \u0130\u015fte transfer form\u00fcl\u00fc"},"content":{"rendered":"<p><img decoding=\"async\" src=\"https:\/\/iaftm.tmgrup.com.tr\/3b9dcb\/1200\/675\/0\/14\/800\/464?u=https:\/\/iftm.tmgrup.com.tr\/2025\/07\/24\/fenerbahce-orta-sahasi-icin-yeni-hedef-sambaci-iste-transfer-formulu-1753305796805.jpeg\" alt=\"Fenerbah\u00e7e orta sahas\u0131 i\u00e7in yeni hedef Sambac\u0131! \u0130\u015fte transfer form\u00fcl\u00fc\" \/><br \/>Fenerbah\u00e7e&#8217;de yeni sezonun transfer \u00e7al\u0131\u015fmalar\u0131 s\u00fcr\u00fcyor. Sar\u0131-lacivertliler, orta sahaya takviye yapmay\u0131 planlarken son olarak g\u00fcndemine yeni bir ismi daha ald\u0131. \u0130\u015fte detaylar&#8230; (FB SPOR HABER\u0130)<a href=\"https:\/\/www.fotomac.com.tr\/fenerbahce\/2025\/07\/24\/fenerbahce-orta-sahasi-icin-yeni-hedef-sambaci-iste-transfer-formulu\">Devam\u0131 i\u00e7in t\u0131klay\u0131n\u0131z<\/a><\/p>","protected":false},"excerpt":{"rendered":"<p>Fenerbah\u00e7e&#8217;de yeni sezonun transfer \u00e7al\u0131\u015fmalar\u0131 s\u00fcr\u00fcyor. Sar\u0131-lacivertliler, orta sahaya takviye yapmay\u0131 planlarken son olarak g\u00fcndemine yeni bir ismi daha ald\u0131. \u0130\u015fte detaylar&#8230; (FB SPOR HABER\u0130)Devam\u0131 i\u00e7in t\u0131klay\u0131n\u0131z<\/p>\n","protected":false},"author":1,"featured_media":120261,"comment_status":"open","ping_status":"open","sticky":false,"template":"","format":"standard","meta":{"jnews-multi-image_gallery":[],"jnews_single_post":[],"jnews_primary_category":[],"jnews_social_meta":[],"jnews_review":[],"enable_review":"","type":"","name":"","summary":"","brand":"","sku":"","good":[],"bad":[],"score_override":"","override_value":"","rating":[],"price":[],"jnews_override_counter":[],"jnews_post_split":[],"footnotes":""},"categories":[92],"tags":[],"class_list":["post-120259","post","type-post","status-publish","format-standard","has-post-thumbnail","hentry","category-fotomac"],"amp_enabled":true,"_links":{"self":[{"href":"https:\/\/jetlak.app\/index.php?rest_route=\/wp\/v2\/posts\/120259","targetHints":{"allow":["GET"]}}],"collection":[{"href":"https:\/\/jetlak.app\/index.php?rest_route=\/wp\/v2\/posts"}],"about":[{"href":"https:\/\/jetlak.app\/index.php?rest_route=\/wp\/v2\/types\/post"}],"author":[{"embeddable":true,"href":"https:\/\/jetlak.app\/index.php?rest_route=\/wp\/v2\/users\/1"}],"replies":[{"embeddable":true,"href":"https:\/\/jetlak.app\/index.php?rest_route=%2Fwp%2Fv2%2Fcomments&post=120259"}],"version-history":[{"count":0,"href":"https:\/\/jetlak.app\/index.php?rest_route=\/wp\/v2\/posts\/120259\/revisions"}],"wp:featuredmedia":[{"embeddable":true,"href":"https:\/\/jetlak.app\/index.php?rest_route=\/wp\/v2\/media\/120261"}],"wp:attachment":[{"href":"https:\/\/jetlak.app\/index.php?rest_route=%2Fwp%2Fv2%2Fmedia&parent=120259"}],"wp:term":[{"taxonomy":"category","embeddable":true,"href":"https:\/\/jetlak.app\/index.php?rest_route=%2Fwp%2Fv2%2Fcategories&post=120259"},{"taxonomy":"post_tag","embeddable":true,"href":"https:\/\/jetlak.app\/index.php?rest_route=%2Fwp%2Fv2%2Ftags&post=120259"}],"curies":[{"name":"wp","href":"https:\/\/api.w.org\/{rel}","templated":true}]}}