{"id":121110,"date":"2025-07-24T11:48:59","date_gmt":"2025-07-24T08:48:59","guid":{"rendered":"https:\/\/jetlak.app\/?p=121110"},"modified":"2025-07-24T11:48:59","modified_gmt":"2025-07-24T08:48:59","slug":"galatasaraya-ederson-soku-transferi","status":"publish","type":"post","link":"https:\/\/jetlak.app\/?p=121110","title":{"rendered":"Galatasaray&#8217;a Ederson \u015foku! Transferi&#8230;"},"content":{"rendered":"<p><img decoding=\"async\" src=\"https:\/\/iaftm.tmgrup.com.tr\/eca5ef\/1200\/675\/0\/10\/1766\/1003?u=https:\/\/iftm.tmgrup.com.tr\/2025\/07\/24\/galatasaraya-ederson-soku-transferi-1753344399991.jpg\" alt=\"Galatasaray'a Ederson \u015foku! Transferi...\" \/><br \/>Kaleci aray\u0131\u015flar\u0131 s\u00fcren Galatasaray&#8217;da bir numaral\u0131 aday Manchester City&#8217;nin Ederson&#8217;uydu. Premier Lig ekibi, Brezilyal\u0131 eldiven ile ilgili karar\u0131n\u0131 verdi. \u0130\u015fte sar\u0131 k\u0131rm\u0131z\u0131l\u0131lar\u0131 \u00fczecek o haber&#8230; | Son&#8230;<a href=\"https:\/\/www.fotomac.com.tr\/galatasaray\/2025\/07\/24\/galatasaraya-ederson-soku-transferi\">Devam\u0131 i\u00e7in t\u0131klay\u0131n\u0131z<\/a><\/p>","protected":false},"excerpt":{"rendered":"<p>Kaleci aray\u0131\u015flar\u0131 s\u00fcren Galatasaray&#8217;da bir numaral\u0131 aday Manchester City&#8217;nin Ederson&#8217;uydu. Premier Lig ekibi, Brezilyal\u0131 eldiven ile ilgili karar\u0131n\u0131 verdi. \u0130\u015fte sar\u0131 k\u0131rm\u0131z\u0131l\u0131lar\u0131 \u00fczecek o haber&#8230; | Son&#8230;Devam\u0131 i\u00e7in t\u0131klay\u0131n\u0131z<\/p>\n","protected":false},"author":1,"featured_media":121112,"comment_status":"open","ping_status":"open","sticky":false,"template":"","format":"standard","meta":{"jnews-multi-image_gallery":[],"jnews_single_post":[],"jnews_primary_category":[],"jnews_social_meta":[],"jnews_review":[],"enable_review":"","type":"","name":"","summary":"","brand":"","sku":"","good":[],"bad":[],"score_override":"","override_value":"","rating":[],"price":[],"jnews_override_counter":[],"jnews_post_split":[],"footnotes":""},"categories":[92],"tags":[],"class_list":["post-121110","post","type-post","status-publish","format-standard","has-post-thumbnail","hentry","category-fotomac"],"amp_enabled":true,"_links":{"self":[{"href":"https:\/\/jetlak.app\/index.php?rest_route=\/wp\/v2\/posts\/121110","targetHints":{"allow":["GET"]}}],"collection":[{"href":"https:\/\/jetlak.app\/index.php?rest_route=\/wp\/v2\/posts"}],"about":[{"href":"https:\/\/jetlak.app\/index.php?rest_route=\/wp\/v2\/types\/post"}],"author":[{"embeddable":true,"href":"https:\/\/jetlak.app\/index.php?rest_route=\/wp\/v2\/users\/1"}],"replies":[{"embeddable":true,"href":"https:\/\/jetlak.app\/index.php?rest_route=%2Fwp%2Fv2%2Fcomments&post=121110"}],"version-history":[{"count":0,"href":"https:\/\/jetlak.app\/index.php?rest_route=\/wp\/v2\/posts\/121110\/revisions"}],"wp:featuredmedia":[{"embeddable":true,"href":"https:\/\/jetlak.app\/index.php?rest_route=\/wp\/v2\/media\/121112"}],"wp:attachment":[{"href":"https:\/\/jetlak.app\/index.php?rest_route=%2Fwp%2Fv2%2Fmedia&parent=121110"}],"wp:term":[{"taxonomy":"category","embeddable":true,"href":"https:\/\/jetlak.app\/index.php?rest_route=%2Fwp%2Fv2%2Fcategories&post=121110"},{"taxonomy":"post_tag","embeddable":true,"href":"https:\/\/jetlak.app\/index.php?rest_route=%2Fwp%2Fv2%2Ftags&post=121110"}],"curies":[{"name":"wp","href":"https:\/\/api.w.org\/{rel}","templated":true}]}}