{"id":121253,"date":"2025-07-24T13:16:24","date_gmt":"2025-07-24T10:16:24","guid":{"rendered":"https:\/\/jetlak.app\/?p=121253"},"modified":"2025-07-24T13:16:24","modified_gmt":"2025-07-24T10:16:24","slug":"transfer-haberi-fenerbahcede-douglas-luiz-gelismesi-antrenmana-katilmadi","status":"publish","type":"post","link":"https:\/\/jetlak.app\/?p=121253","title":{"rendered":"TRANSFER HABER\u0130 | Fenerbah\u00e7e&#8217;de Douglas Luiz geli\u015fmesi! Antrenmana kat\u0131lmad\u0131"},"content":{"rendered":"<p><img decoding=\"async\" src=\"https:\/\/iaftm.tmgrup.com.tr\/fc3597\/1200\/675\/0\/0\/2048\/1152?u=https:\/\/iftm.tmgrup.com.tr\/2025\/07\/24\/transfer-haberi-fenerbahcede-douglas-luiz-gelismesi-antrenmana-katilmadi-1753350213765.jpg\" alt=\"TRANSFER HABER\u0130 | Fenerbah\u00e7e'de Douglas Luiz geli\u015fmesi! Antrenmana kat\u0131lmad\u0131\" \/><br \/>Sezon \u00f6ncesi haz\u0131rl\u0131klar\u0131n\u0131 Portekiz&#8217;de s\u00fcrd\u00fcren Fenerbah\u00e7e&#8217;de Douglas Luiz ile ilgili fla\u015f bir geli\u015fme ya\u015fand\u0131. Sar\u0131 lacivertlilerin transfer listesinde yer alan Brezilyal\u0131 orta saha, tak\u0131m\u0131 Juventus&#8230;<a href=\"https:\/\/www.fotomac.com.tr\/fenerbahce\/2025\/07\/24\/transfer-haberi-fenerbahcede-douglas-luiz-gelismesi-antrenmana-katilmadi\">Devam\u0131 i\u00e7in t\u0131klay\u0131n\u0131z<\/a><\/p>","protected":false},"excerpt":{"rendered":"<p>Sezon \u00f6ncesi haz\u0131rl\u0131klar\u0131n\u0131 Portekiz&#8217;de s\u00fcrd\u00fcren Fenerbah\u00e7e&#8217;de Douglas Luiz ile ilgili fla\u015f bir geli\u015fme ya\u015fand\u0131. Sar\u0131 lacivertlilerin transfer listesinde yer alan Brezilyal\u0131 orta saha, tak\u0131m\u0131 Juventus&#8230;Devam\u0131 i\u00e7in t\u0131klay\u0131n\u0131z<\/p>\n","protected":false},"author":1,"featured_media":121255,"comment_status":"open","ping_status":"open","sticky":false,"template":"","format":"standard","meta":{"jnews-multi-image_gallery":[],"jnews_single_post":[],"jnews_primary_category":[],"jnews_social_meta":[],"jnews_review":[],"enable_review":"","type":"","name":"","summary":"","brand":"","sku":"","good":[],"bad":[],"score_override":"","override_value":"","rating":[],"price":[],"jnews_override_counter":[],"jnews_post_split":[],"footnotes":""},"categories":[92],"tags":[],"class_list":["post-121253","post","type-post","status-publish","format-standard","has-post-thumbnail","hentry","category-fotomac"],"amp_enabled":true,"_links":{"self":[{"href":"https:\/\/jetlak.app\/index.php?rest_route=\/wp\/v2\/posts\/121253","targetHints":{"allow":["GET"]}}],"collection":[{"href":"https:\/\/jetlak.app\/index.php?rest_route=\/wp\/v2\/posts"}],"about":[{"href":"https:\/\/jetlak.app\/index.php?rest_route=\/wp\/v2\/types\/post"}],"author":[{"embeddable":true,"href":"https:\/\/jetlak.app\/index.php?rest_route=\/wp\/v2\/users\/1"}],"replies":[{"embeddable":true,"href":"https:\/\/jetlak.app\/index.php?rest_route=%2Fwp%2Fv2%2Fcomments&post=121253"}],"version-history":[{"count":0,"href":"https:\/\/jetlak.app\/index.php?rest_route=\/wp\/v2\/posts\/121253\/revisions"}],"wp:featuredmedia":[{"embeddable":true,"href":"https:\/\/jetlak.app\/index.php?rest_route=\/wp\/v2\/media\/121255"}],"wp:attachment":[{"href":"https:\/\/jetlak.app\/index.php?rest_route=%2Fwp%2Fv2%2Fmedia&parent=121253"}],"wp:term":[{"taxonomy":"category","embeddable":true,"href":"https:\/\/jetlak.app\/index.php?rest_route=%2Fwp%2Fv2%2Fcategories&post=121253"},{"taxonomy":"post_tag","embeddable":true,"href":"https:\/\/jetlak.app\/index.php?rest_route=%2Fwp%2Fv2%2Ftags&post=121253"}],"curies":[{"name":"wp","href":"https:\/\/api.w.org\/{rel}","templated":true}]}}