{"id":121565,"date":"2025-07-24T14:14:41","date_gmt":"2025-07-24T11:14:41","guid":{"rendered":"https:\/\/jetlak.app\/?p=121565"},"modified":"2025-07-24T14:14:41","modified_gmt":"2025-07-24T11:14:41","slug":"mourinhodan-tepki-ceken-aciklama-fenerbahce-bir-avrupa-ligi-takimidir","status":"publish","type":"post","link":"https:\/\/jetlak.app\/?p=121565","title":{"rendered":"Mourinho&#8217;dan tepki \u00e7eken a\u00e7\u0131klama: Fenerbah\u00e7e bir Avrupa Ligi tak\u0131m\u0131d\u0131r"},"content":{"rendered":"<p><img decoding=\"async\" src=\"https:\/\/iaftm.tmgrup.com.tr\/5b4aa7\/1200\/675\/0\/0\/800\/450?u=https:\/\/iftm.tmgrup.com.tr\/2025\/07\/24\/mourinhodan-tepki-ceken-aciklama-fenerbahce-bir-avrupa-ligi-takimidir-1753353323092.jpeg\" alt=\"Mourinho'dan tepki \u00e7eken a\u00e7\u0131klama: Fenerbah\u00e7e bir Avrupa Ligi tak\u0131m\u0131d\u0131r\" \/><br \/>Al-Ittihad ile oynanan haz\u0131rl\u0131k ma\u00e7\u0131n\u0131n ard\u0131ndan Portekiz&#8217;e konu\u015fan Teknik Direkt\u00f6r Jose Mourinho, Fenerbah\u00e7e ile ilgili yapt\u0131\u011f\u0131 de\u011ferlendirme ile tepki \u00e7ekti. \u0130\u015fte tecr\u00fcbeli \u00e7al\u0131\u015ft\u0131r\u0131c\u0131n\u0131n o a\u00e7\u0131klamalar\u0131&#8230;&#8230;<a href=\"https:\/\/www.fotomac.com.tr\/fenerbahce\/2025\/07\/24\/mourinhodan-tepki-ceken-aciklama-fenerbahce-bir-avrupa-ligi-takimidir\">Devam\u0131 i\u00e7in t\u0131klay\u0131n\u0131z<\/a><\/p>","protected":false},"excerpt":{"rendered":"<p>Al-Ittihad ile oynanan haz\u0131rl\u0131k ma\u00e7\u0131n\u0131n ard\u0131ndan Portekiz&#8217;e konu\u015fan Teknik Direkt\u00f6r Jose Mourinho, Fenerbah\u00e7e ile ilgili yapt\u0131\u011f\u0131 de\u011ferlendirme ile tepki \u00e7ekti. \u0130\u015fte tecr\u00fcbeli \u00e7al\u0131\u015ft\u0131r\u0131c\u0131n\u0131n o a\u00e7\u0131klamalar\u0131&#8230;&#8230;Devam\u0131 i\u00e7in t\u0131klay\u0131n\u0131z<\/p>\n","protected":false},"author":1,"featured_media":121567,"comment_status":"open","ping_status":"open","sticky":false,"template":"","format":"standard","meta":{"jnews-multi-image_gallery":[],"jnews_single_post":[],"jnews_primary_category":[],"jnews_social_meta":[],"jnews_review":[],"enable_review":"","type":"","name":"","summary":"","brand":"","sku":"","good":[],"bad":[],"score_override":"","override_value":"","rating":[],"price":[],"jnews_override_counter":[],"jnews_post_split":[],"footnotes":""},"categories":[92],"tags":[],"class_list":["post-121565","post","type-post","status-publish","format-standard","has-post-thumbnail","hentry","category-fotomac"],"amp_enabled":true,"_links":{"self":[{"href":"https:\/\/jetlak.app\/index.php?rest_route=\/wp\/v2\/posts\/121565","targetHints":{"allow":["GET"]}}],"collection":[{"href":"https:\/\/jetlak.app\/index.php?rest_route=\/wp\/v2\/posts"}],"about":[{"href":"https:\/\/jetlak.app\/index.php?rest_route=\/wp\/v2\/types\/post"}],"author":[{"embeddable":true,"href":"https:\/\/jetlak.app\/index.php?rest_route=\/wp\/v2\/users\/1"}],"replies":[{"embeddable":true,"href":"https:\/\/jetlak.app\/index.php?rest_route=%2Fwp%2Fv2%2Fcomments&post=121565"}],"version-history":[{"count":0,"href":"https:\/\/jetlak.app\/index.php?rest_route=\/wp\/v2\/posts\/121565\/revisions"}],"wp:featuredmedia":[{"embeddable":true,"href":"https:\/\/jetlak.app\/index.php?rest_route=\/wp\/v2\/media\/121567"}],"wp:attachment":[{"href":"https:\/\/jetlak.app\/index.php?rest_route=%2Fwp%2Fv2%2Fmedia&parent=121565"}],"wp:term":[{"taxonomy":"category","embeddable":true,"href":"https:\/\/jetlak.app\/index.php?rest_route=%2Fwp%2Fv2%2Fcategories&post=121565"},{"taxonomy":"post_tag","embeddable":true,"href":"https:\/\/jetlak.app\/index.php?rest_route=%2Fwp%2Fv2%2Ftags&post=121565"}],"curies":[{"name":"wp","href":"https:\/\/api.w.org\/{rel}","templated":true}]}}