{"id":122105,"date":"2025-07-24T17:37:19","date_gmt":"2025-07-24T14:37:19","guid":{"rendered":"https:\/\/jetlak.app\/?p=122105"},"modified":"2025-07-24T17:37:19","modified_gmt":"2025-07-24T14:37:19","slug":"transfer-haberleri-dursun-ozbekten-osimhen-aciklamasi","status":"publish","type":"post","link":"https:\/\/jetlak.app\/?p=122105","title":{"rendered":"TRANSFER HABERLER\u0130 | Dursun \u00d6zbek&#8217;ten Osimhen a\u00e7\u0131klamas\u0131!"},"content":{"rendered":"<p><img decoding=\"async\" src=\"https:\/\/iaftm.tmgrup.com.tr\/536020\/1200\/675\/0\/0\/1500\/844?u=https:\/\/iftm.tmgrup.com.tr\/2025\/07\/24\/transfer-haberleri-dursun-ozbekten-osimhen-aciklamasi-1753366308681.jpeg\" alt=\"TRANSFER HABERLER\u0130 | Dursun \u00d6zbek'ten Osimhen a\u00e7\u0131klamas\u0131!\" \/><br \/>S\u00fcper Lig devlerinden Galatasaray&#8217;da Ba\u015fkan Dursun \u00d6zbek&#8217;ten Divan Kurulu Toplant\u0131s\u0131&#8217;nda Victor Osimhen&#8217;in transfer durumuna dair fla\u015f a\u00e7\u0131klama geldi. \u0130\u015fte o s\u00f6zler&#8230;<a href=\"https:\/\/www.fotomac.com.tr\/galatasaray\/2025\/07\/24\/transfer-haberleri-dursun-ozbekten-osimhen-aciklamasi\">Devam\u0131 i\u00e7in t\u0131klay\u0131n\u0131z<\/a><\/p>","protected":false},"excerpt":{"rendered":"<p>S\u00fcper Lig devlerinden Galatasaray&#8217;da Ba\u015fkan Dursun \u00d6zbek&#8217;ten Divan Kurulu Toplant\u0131s\u0131&#8217;nda Victor Osimhen&#8217;in transfer durumuna dair fla\u015f a\u00e7\u0131klama geldi. \u0130\u015fte o s\u00f6zler&#8230;Devam\u0131 i\u00e7in t\u0131klay\u0131n\u0131z<\/p>\n","protected":false},"author":1,"featured_media":122107,"comment_status":"open","ping_status":"open","sticky":false,"template":"","format":"standard","meta":{"jnews-multi-image_gallery":[],"jnews_single_post":[],"jnews_primary_category":[],"jnews_social_meta":[],"jnews_review":[],"enable_review":"","type":"","name":"","summary":"","brand":"","sku":"","good":[],"bad":[],"score_override":"","override_value":"","rating":[],"price":[],"jnews_override_counter":[],"jnews_post_split":[],"footnotes":""},"categories":[92],"tags":[],"class_list":["post-122105","post","type-post","status-publish","format-standard","has-post-thumbnail","hentry","category-fotomac"],"amp_enabled":true,"_links":{"self":[{"href":"https:\/\/jetlak.app\/index.php?rest_route=\/wp\/v2\/posts\/122105","targetHints":{"allow":["GET"]}}],"collection":[{"href":"https:\/\/jetlak.app\/index.php?rest_route=\/wp\/v2\/posts"}],"about":[{"href":"https:\/\/jetlak.app\/index.php?rest_route=\/wp\/v2\/types\/post"}],"author":[{"embeddable":true,"href":"https:\/\/jetlak.app\/index.php?rest_route=\/wp\/v2\/users\/1"}],"replies":[{"embeddable":true,"href":"https:\/\/jetlak.app\/index.php?rest_route=%2Fwp%2Fv2%2Fcomments&post=122105"}],"version-history":[{"count":0,"href":"https:\/\/jetlak.app\/index.php?rest_route=\/wp\/v2\/posts\/122105\/revisions"}],"wp:featuredmedia":[{"embeddable":true,"href":"https:\/\/jetlak.app\/index.php?rest_route=\/wp\/v2\/media\/122107"}],"wp:attachment":[{"href":"https:\/\/jetlak.app\/index.php?rest_route=%2Fwp%2Fv2%2Fmedia&parent=122105"}],"wp:term":[{"taxonomy":"category","embeddable":true,"href":"https:\/\/jetlak.app\/index.php?rest_route=%2Fwp%2Fv2%2Fcategories&post=122105"},{"taxonomy":"post_tag","embeddable":true,"href":"https:\/\/jetlak.app\/index.php?rest_route=%2Fwp%2Fv2%2Ftags&post=122105"}],"curies":[{"name":"wp","href":"https:\/\/api.w.org\/{rel}","templated":true}]}}