{"id":122305,"date":"2025-07-24T18:33:05","date_gmt":"2025-07-24T15:33:05","guid":{"rendered":"https:\/\/jetlak.app\/?p=122305"},"modified":"2025-07-24T18:33:05","modified_gmt":"2025-07-24T15:33:05","slug":"jayden-oosterwoldeden-mourinho-ve-archie-brown-sozleri","status":"publish","type":"post","link":"https:\/\/jetlak.app\/?p=122305","title":{"rendered":"Jayden Oosterwolde&#8217;den Mourinho ve Archie Brown s\u00f6zleri!"},"content":{"rendered":"<p><img decoding=\"async\" src=\"https:\/\/iaftm.tmgrup.com.tr\/1344b7\/1200\/675\/0\/0\/800\/450?u=https:\/\/iftm.tmgrup.com.tr\/2025\/07\/24\/jayden-oosterwoldeden-mourinho-ve-archie-brown-sozleri-1753369649267.jpeg\" alt=\"Jayden Oosterwolde'den Mourinho ve Archie Brown s\u00f6zleri!\" \/><br \/>Yeni sezon haz\u0131rl\u0131klar\u0131n\u0131 Portekiz&#8217;de s\u00fcrd\u00fcren Fenerbah\u00e7e&#8217;de Jayden Oosterwolde A Spor&#8217;a \u00f6zel a\u00e7\u0131klamalarda bulundu. Y\u0131ld\u0131z oyuncu Jose Mourinho ve yeni transfer Archie Brown hakk\u0131nda konu\u015ftu. \u0130\u015fte detaylar&#8230;<a href=\"https:\/\/www.fotomac.com.tr\/fenerbahce\/2025\/07\/24\/jayden-oosterwoldeden-mourinho-ve-archie-brown-sozleri\">Devam\u0131 i\u00e7in t\u0131klay\u0131n\u0131z<\/a><\/p>","protected":false},"excerpt":{"rendered":"<p>Yeni sezon haz\u0131rl\u0131klar\u0131n\u0131 Portekiz&#8217;de s\u00fcrd\u00fcren Fenerbah\u00e7e&#8217;de Jayden Oosterwolde A Spor&#8217;a \u00f6zel a\u00e7\u0131klamalarda bulundu. Y\u0131ld\u0131z oyuncu Jose Mourinho ve yeni transfer Archie Brown hakk\u0131nda konu\u015ftu. \u0130\u015fte detaylar&#8230;Devam\u0131 i\u00e7in t\u0131klay\u0131n\u0131z<\/p>\n","protected":false},"author":1,"featured_media":122307,"comment_status":"open","ping_status":"open","sticky":false,"template":"","format":"standard","meta":{"jnews-multi-image_gallery":[],"jnews_single_post":[],"jnews_primary_category":[],"jnews_social_meta":[],"jnews_review":[],"enable_review":"","type":"","name":"","summary":"","brand":"","sku":"","good":[],"bad":[],"score_override":"","override_value":"","rating":[],"price":[],"jnews_override_counter":[],"jnews_post_split":[],"footnotes":""},"categories":[92],"tags":[],"class_list":["post-122305","post","type-post","status-publish","format-standard","has-post-thumbnail","hentry","category-fotomac"],"amp_enabled":true,"_links":{"self":[{"href":"https:\/\/jetlak.app\/index.php?rest_route=\/wp\/v2\/posts\/122305","targetHints":{"allow":["GET"]}}],"collection":[{"href":"https:\/\/jetlak.app\/index.php?rest_route=\/wp\/v2\/posts"}],"about":[{"href":"https:\/\/jetlak.app\/index.php?rest_route=\/wp\/v2\/types\/post"}],"author":[{"embeddable":true,"href":"https:\/\/jetlak.app\/index.php?rest_route=\/wp\/v2\/users\/1"}],"replies":[{"embeddable":true,"href":"https:\/\/jetlak.app\/index.php?rest_route=%2Fwp%2Fv2%2Fcomments&post=122305"}],"version-history":[{"count":0,"href":"https:\/\/jetlak.app\/index.php?rest_route=\/wp\/v2\/posts\/122305\/revisions"}],"wp:featuredmedia":[{"embeddable":true,"href":"https:\/\/jetlak.app\/index.php?rest_route=\/wp\/v2\/media\/122307"}],"wp:attachment":[{"href":"https:\/\/jetlak.app\/index.php?rest_route=%2Fwp%2Fv2%2Fmedia&parent=122305"}],"wp:term":[{"taxonomy":"category","embeddable":true,"href":"https:\/\/jetlak.app\/index.php?rest_route=%2Fwp%2Fv2%2Fcategories&post=122305"},{"taxonomy":"post_tag","embeddable":true,"href":"https:\/\/jetlak.app\/index.php?rest_route=%2Fwp%2Fv2%2Ftags&post=122305"}],"curies":[{"name":"wp","href":"https:\/\/api.w.org\/{rel}","templated":true}]}}