{"id":123048,"date":"2025-07-24T23:29:20","date_gmt":"2025-07-24T20:29:20","guid":{"rendered":"https:\/\/jetlak.app\/?p=123048"},"modified":"2025-07-24T23:29:20","modified_gmt":"2025-07-24T20:29:20","slug":"besiktasta-tammy-abraham-oyuna-devam-edemedi","status":"publish","type":"post","link":"https:\/\/jetlak.app\/?p=123048","title":{"rendered":"Be\u015fikta\u015f&#8217;ta Tammy Abraham oyuna devam edemedi!"},"content":{"rendered":"<p><img decoding=\"async\" src=\"https:\/\/iaftm.tmgrup.com.tr\/ac064d\/1200\/675\/0\/64\/800\/513?u=https:\/\/iftm.tmgrup.com.tr\/2025\/07\/24\/besiktasta-tammy-abraham-oyuna-devam-edemedi-1753386371659.jpeg\" alt=\"Be\u015fikta\u015f'ta Tammy Abraham oyuna devam edemedi!\" \/><br \/>Be\u015fikta\u015f, UEFA Avrupa Ligi 2. \u00f6n eleme turu ilk ma\u00e7\u0131nda Shakhtar Donetsk&#8217;i konuk etti. Siyah-beyazl\u0131 ekipte kar\u015f\u0131la\u015fman\u0131n 69. dakikas\u0131nda sakatlanan Tammy Abraham, oyuna devam edemedi. \u0130\u015fte detaylar&#8230;&#8230;<a href=\"https:\/\/www.fotomac.com.tr\/besiktas\/2025\/07\/24\/besiktasta-tammy-abraham-oyuna-devam-edemedi\">Devam\u0131 i\u00e7in t\u0131klay\u0131n\u0131z<\/a><\/p>","protected":false},"excerpt":{"rendered":"<p>Be\u015fikta\u015f, UEFA Avrupa Ligi 2. \u00f6n eleme turu ilk ma\u00e7\u0131nda Shakhtar Donetsk&#8217;i konuk etti. Siyah-beyazl\u0131 ekipte kar\u015f\u0131la\u015fman\u0131n 69. dakikas\u0131nda sakatlanan Tammy Abraham, oyuna devam edemedi. \u0130\u015fte detaylar&#8230;&#8230;Devam\u0131 i\u00e7in t\u0131klay\u0131n\u0131z<\/p>\n","protected":false},"author":1,"featured_media":123050,"comment_status":"open","ping_status":"open","sticky":false,"template":"","format":"standard","meta":{"jnews-multi-image_gallery":[],"jnews_single_post":[],"jnews_primary_category":[],"jnews_social_meta":[],"jnews_review":[],"enable_review":"","type":"","name":"","summary":"","brand":"","sku":"","good":[],"bad":[],"score_override":"","override_value":"","rating":[],"price":[],"jnews_override_counter":[],"jnews_post_split":[],"footnotes":""},"categories":[92],"tags":[],"class_list":["post-123048","post","type-post","status-publish","format-standard","has-post-thumbnail","hentry","category-fotomac"],"amp_enabled":true,"_links":{"self":[{"href":"https:\/\/jetlak.app\/index.php?rest_route=\/wp\/v2\/posts\/123048","targetHints":{"allow":["GET"]}}],"collection":[{"href":"https:\/\/jetlak.app\/index.php?rest_route=\/wp\/v2\/posts"}],"about":[{"href":"https:\/\/jetlak.app\/index.php?rest_route=\/wp\/v2\/types\/post"}],"author":[{"embeddable":true,"href":"https:\/\/jetlak.app\/index.php?rest_route=\/wp\/v2\/users\/1"}],"replies":[{"embeddable":true,"href":"https:\/\/jetlak.app\/index.php?rest_route=%2Fwp%2Fv2%2Fcomments&post=123048"}],"version-history":[{"count":0,"href":"https:\/\/jetlak.app\/index.php?rest_route=\/wp\/v2\/posts\/123048\/revisions"}],"wp:featuredmedia":[{"embeddable":true,"href":"https:\/\/jetlak.app\/index.php?rest_route=\/wp\/v2\/media\/123050"}],"wp:attachment":[{"href":"https:\/\/jetlak.app\/index.php?rest_route=%2Fwp%2Fv2%2Fmedia&parent=123048"}],"wp:term":[{"taxonomy":"category","embeddable":true,"href":"https:\/\/jetlak.app\/index.php?rest_route=%2Fwp%2Fv2%2Fcategories&post=123048"},{"taxonomy":"post_tag","embeddable":true,"href":"https:\/\/jetlak.app\/index.php?rest_route=%2Fwp%2Fv2%2Ftags&post=123048"}],"curies":[{"name":"wp","href":"https:\/\/api.w.org\/{rel}","templated":true}]}}