{"id":123162,"date":"2025-07-25T00:05:02","date_gmt":"2025-07-24T21:05:02","guid":{"rendered":"https:\/\/jetlak.app\/?p=123162"},"modified":"2025-07-25T00:05:02","modified_gmt":"2025-07-24T21:05:02","slug":"arda-turan-besiktasi-elemek-istiyorsak","status":"publish","type":"post","link":"https:\/\/jetlak.app\/?p=123162","title":{"rendered":"Arda Turan: Be\u015fikta\u015f&#8217;\u0131 elemek istiyorsak&#8230;"},"content":{"rendered":"<p><img decoding=\"async\" src=\"https:\/\/iaftm.tmgrup.com.tr\/dc44e7\/1200\/675\/0\/0\/800\/450?u=https:\/\/iftm.tmgrup.com.tr\/2025\/07\/24\/arda-turan-besiktasi-elemek-istiyorsak-1753389195716.jpeg\" alt=\"Arda Turan: Be\u015fikta\u015f'\u0131 elemek istiyorsak...\" \/><br \/>Shakhtar Donetsk, UEFA Avrupa Ligi 2. \u00f6n eleme turu ilk ma\u00e7\u0131nda Be\u015fikta\u015f&#8217;\u0131 deplasmanda 4-2 ma\u011flup etti. Ukrayna ekibinin teknik direkt\u00f6r\u00fc Arda Turan, dikkat \u00e7eken a\u00e7\u0131klamalara yer verdi. \u0130\u015fte o s\u00f6zler&#8230;<a href=\"https:\/\/www.fotomac.com.tr\/futbol\/2025\/07\/24\/arda-turan-besiktasi-elemek-istiyorsak\">Devam\u0131 i\u00e7in t\u0131klay\u0131n\u0131z<\/a><\/p>","protected":false},"excerpt":{"rendered":"<p>Shakhtar Donetsk, UEFA Avrupa Ligi 2. \u00f6n eleme turu ilk ma\u00e7\u0131nda Be\u015fikta\u015f&#8217;\u0131 deplasmanda 4-2 ma\u011flup etti. Ukrayna ekibinin teknik direkt\u00f6r\u00fc Arda Turan, dikkat \u00e7eken a\u00e7\u0131klamalara yer verdi. \u0130\u015fte o s\u00f6zler&#8230;Devam\u0131 i\u00e7in t\u0131klay\u0131n\u0131z<\/p>\n","protected":false},"author":1,"featured_media":123164,"comment_status":"open","ping_status":"open","sticky":false,"template":"","format":"standard","meta":{"jnews-multi-image_gallery":[],"jnews_single_post":[],"jnews_primary_category":[],"jnews_social_meta":[],"jnews_review":[],"enable_review":"","type":"","name":"","summary":"","brand":"","sku":"","good":[],"bad":[],"score_override":"","override_value":"","rating":[],"price":[],"jnews_override_counter":[],"jnews_post_split":[],"footnotes":""},"categories":[92],"tags":[],"class_list":["post-123162","post","type-post","status-publish","format-standard","has-post-thumbnail","hentry","category-fotomac"],"amp_enabled":true,"_links":{"self":[{"href":"https:\/\/jetlak.app\/index.php?rest_route=\/wp\/v2\/posts\/123162","targetHints":{"allow":["GET"]}}],"collection":[{"href":"https:\/\/jetlak.app\/index.php?rest_route=\/wp\/v2\/posts"}],"about":[{"href":"https:\/\/jetlak.app\/index.php?rest_route=\/wp\/v2\/types\/post"}],"author":[{"embeddable":true,"href":"https:\/\/jetlak.app\/index.php?rest_route=\/wp\/v2\/users\/1"}],"replies":[{"embeddable":true,"href":"https:\/\/jetlak.app\/index.php?rest_route=%2Fwp%2Fv2%2Fcomments&post=123162"}],"version-history":[{"count":0,"href":"https:\/\/jetlak.app\/index.php?rest_route=\/wp\/v2\/posts\/123162\/revisions"}],"wp:featuredmedia":[{"embeddable":true,"href":"https:\/\/jetlak.app\/index.php?rest_route=\/wp\/v2\/media\/123164"}],"wp:attachment":[{"href":"https:\/\/jetlak.app\/index.php?rest_route=%2Fwp%2Fv2%2Fmedia&parent=123162"}],"wp:term":[{"taxonomy":"category","embeddable":true,"href":"https:\/\/jetlak.app\/index.php?rest_route=%2Fwp%2Fv2%2Fcategories&post=123162"},{"taxonomy":"post_tag","embeddable":true,"href":"https:\/\/jetlak.app\/index.php?rest_route=%2Fwp%2Fv2%2Ftags&post=123162"}],"curies":[{"name":"wp","href":"https:\/\/api.w.org\/{rel}","templated":true}]}}