{"id":124183,"date":"2025-07-25T07:21:30","date_gmt":"2025-07-25T04:21:30","guid":{"rendered":"https:\/\/jetlak.app\/?p=124183"},"modified":"2025-07-25T07:21:30","modified_gmt":"2025-07-25T04:21:30","slug":"transfer-haberi-fenerbahce-aradigi-sol-kanadi-adada-buldu-iste-transfer-formulu","status":"publish","type":"post","link":"https:\/\/jetlak.app\/?p=124183","title":{"rendered":"TRANSFER HABER\u0130: Fenerbah\u00e7e arad\u0131\u011f\u0131 sol kanad\u0131 Ada&#8217;da buldu! \u0130\u015fte transfer form\u00fcl\u00fc"},"content":{"rendered":"<p><img decoding=\"async\" src=\"https:\/\/iaftm.tmgrup.com.tr\/b7decf\/1200\/675\/0\/0\/1500\/843?u=https:\/\/iftm.tmgrup.com.tr\/2025\/07\/24\/sola-yeni-aday-summerville-1753384838658.jpeg\" alt=\"TRANSFER HABER\u0130: Fenerbah\u00e7e arad\u0131\u011f\u0131 sol kanad\u0131 Ada'da buldu! \u0130\u015fte transfer form\u00fcl\u00fc\" \/><br \/>Fenerbah\u00e7e&#8217;de gelecek sezonun transfer \u00e7al\u0131\u015fmalar\u0131 s\u00fcr\u00fcyor. Sar\u0131-lacivertliler, sol kanada bir transfer yapmak isterken g\u00fcndemine ise son olarak yeni bir isim daha geldi. \u0130\u015fte detaylar&#8230; (FB SPOR HA&#8230;<a href=\"https:\/\/www.fotomac.com.tr\/fenerbahce\/2025\/07\/25\/transfer-haberi-fenerbahce-aradigi-sol-kanadi-adada-buldu-iste-transfer-formulu\">Devam\u0131 i\u00e7in t\u0131klay\u0131n\u0131z<\/a><\/p>","protected":false},"excerpt":{"rendered":"<p>Fenerbah\u00e7e&#8217;de gelecek sezonun transfer \u00e7al\u0131\u015fmalar\u0131 s\u00fcr\u00fcyor. Sar\u0131-lacivertliler, sol kanada bir transfer yapmak isterken g\u00fcndemine ise son olarak yeni bir isim daha geldi. \u0130\u015fte detaylar&#8230; (FB SPOR HA&#8230;Devam\u0131 i\u00e7in t\u0131klay\u0131n\u0131z<\/p>\n","protected":false},"author":1,"featured_media":124185,"comment_status":"open","ping_status":"open","sticky":false,"template":"","format":"standard","meta":{"jnews-multi-image_gallery":[],"jnews_single_post":[],"jnews_primary_category":[],"jnews_social_meta":[],"jnews_review":[],"enable_review":"","type":"","name":"","summary":"","brand":"","sku":"","good":[],"bad":[],"score_override":"","override_value":"","rating":[],"price":[],"jnews_override_counter":[],"jnews_post_split":[],"footnotes":""},"categories":[92],"tags":[],"class_list":["post-124183","post","type-post","status-publish","format-standard","has-post-thumbnail","hentry","category-fotomac"],"amp_enabled":true,"_links":{"self":[{"href":"https:\/\/jetlak.app\/index.php?rest_route=\/wp\/v2\/posts\/124183","targetHints":{"allow":["GET"]}}],"collection":[{"href":"https:\/\/jetlak.app\/index.php?rest_route=\/wp\/v2\/posts"}],"about":[{"href":"https:\/\/jetlak.app\/index.php?rest_route=\/wp\/v2\/types\/post"}],"author":[{"embeddable":true,"href":"https:\/\/jetlak.app\/index.php?rest_route=\/wp\/v2\/users\/1"}],"replies":[{"embeddable":true,"href":"https:\/\/jetlak.app\/index.php?rest_route=%2Fwp%2Fv2%2Fcomments&post=124183"}],"version-history":[{"count":0,"href":"https:\/\/jetlak.app\/index.php?rest_route=\/wp\/v2\/posts\/124183\/revisions"}],"wp:featuredmedia":[{"embeddable":true,"href":"https:\/\/jetlak.app\/index.php?rest_route=\/wp\/v2\/media\/124185"}],"wp:attachment":[{"href":"https:\/\/jetlak.app\/index.php?rest_route=%2Fwp%2Fv2%2Fmedia&parent=124183"}],"wp:term":[{"taxonomy":"category","embeddable":true,"href":"https:\/\/jetlak.app\/index.php?rest_route=%2Fwp%2Fv2%2Fcategories&post=124183"},{"taxonomy":"post_tag","embeddable":true,"href":"https:\/\/jetlak.app\/index.php?rest_route=%2Fwp%2Fv2%2Ftags&post=124183"}],"curies":[{"name":"wp","href":"https:\/\/api.w.org\/{rel}","templated":true}]}}