{"id":125096,"date":"2025-07-25T11:35:05","date_gmt":"2025-07-25T08:35:05","guid":{"rendered":"https:\/\/jetlak.app\/?p=125096"},"modified":"2025-07-25T11:35:05","modified_gmt":"2025-07-25T08:35:05","slug":"fenerbahcede-jhon-durandan-victor-osimhen-aciklamasi-hosuma-gitmiyor","status":"publish","type":"post","link":"https:\/\/jetlak.app\/?p=125096","title":{"rendered":"Fenerbah\u00e7e&#8217;de Jhon Duran&#8217;dan Victor Osimhen a\u00e7\u0131klamas\u0131: Ho\u015fuma gitmiyor"},"content":{"rendered":"<p><img decoding=\"async\" src=\"https:\/\/iaftm.tmgrup.com.tr\/39435d\/1200\/675\/0\/0\/1500\/843?u=https:\/\/iftm.tmgrup.com.tr\/2025\/07\/25\/fenerbahcede-jhon-durandan-victor-osimhen-aciklamasi-hosuma-gitmiyor-1753431899886.jpeg\" alt=\"Fenerbah\u00e7e'de Jhon Duran'dan Victor Osimhen a\u00e7\u0131klamas\u0131: Ho\u015fuma gitmiyor\" \/><br \/>Sar\u0131 lacivertlilerin yeni transferi Jhon Duran, dikkat \u00e7eken bir r\u00f6portaja imza att\u0131. Y\u0131ld\u0131z santrfor &#8220;Galatasaray&#8217;a kar\u015f\u0131 Fenerbah\u00e7e formas\u0131yla gol at\u0131p ben de ger\u00e7ek bir Fenerbah\u00e7eli olmak istiyorum.&#8221;&#8230;<a href=\"https:\/\/www.fotomac.com.tr\/fenerbahce\/2025\/07\/25\/fenerbahcede-jhon-durandan-victor-osimhen-aciklamasi-hosuma-gitmiyor\">Devam\u0131 i\u00e7in t\u0131klay\u0131n\u0131z<\/a><\/p>","protected":false},"excerpt":{"rendered":"<p>Sar\u0131 lacivertlilerin yeni transferi Jhon Duran, dikkat \u00e7eken bir r\u00f6portaja imza att\u0131. Y\u0131ld\u0131z santrfor &#8220;Galatasaray&#8217;a kar\u015f\u0131 Fenerbah\u00e7e formas\u0131yla gol at\u0131p ben de ger\u00e7ek bir Fenerbah\u00e7eli olmak istiyorum.&#8221;&#8230;Devam\u0131 i\u00e7in t\u0131klay\u0131n\u0131z<\/p>\n","protected":false},"author":1,"featured_media":125098,"comment_status":"open","ping_status":"open","sticky":false,"template":"","format":"standard","meta":{"jnews-multi-image_gallery":[],"jnews_single_post":[],"jnews_primary_category":[],"jnews_social_meta":[],"jnews_review":[],"enable_review":"","type":"","name":"","summary":"","brand":"","sku":"","good":[],"bad":[],"score_override":"","override_value":"","rating":[],"price":[],"jnews_override_counter":[],"jnews_post_split":[],"footnotes":""},"categories":[92],"tags":[],"class_list":["post-125096","post","type-post","status-publish","format-standard","has-post-thumbnail","hentry","category-fotomac"],"amp_enabled":true,"_links":{"self":[{"href":"https:\/\/jetlak.app\/index.php?rest_route=\/wp\/v2\/posts\/125096","targetHints":{"allow":["GET"]}}],"collection":[{"href":"https:\/\/jetlak.app\/index.php?rest_route=\/wp\/v2\/posts"}],"about":[{"href":"https:\/\/jetlak.app\/index.php?rest_route=\/wp\/v2\/types\/post"}],"author":[{"embeddable":true,"href":"https:\/\/jetlak.app\/index.php?rest_route=\/wp\/v2\/users\/1"}],"replies":[{"embeddable":true,"href":"https:\/\/jetlak.app\/index.php?rest_route=%2Fwp%2Fv2%2Fcomments&post=125096"}],"version-history":[{"count":0,"href":"https:\/\/jetlak.app\/index.php?rest_route=\/wp\/v2\/posts\/125096\/revisions"}],"wp:featuredmedia":[{"embeddable":true,"href":"https:\/\/jetlak.app\/index.php?rest_route=\/wp\/v2\/media\/125098"}],"wp:attachment":[{"href":"https:\/\/jetlak.app\/index.php?rest_route=%2Fwp%2Fv2%2Fmedia&parent=125096"}],"wp:term":[{"taxonomy":"category","embeddable":true,"href":"https:\/\/jetlak.app\/index.php?rest_route=%2Fwp%2Fv2%2Fcategories&post=125096"},{"taxonomy":"post_tag","embeddable":true,"href":"https:\/\/jetlak.app\/index.php?rest_route=%2Fwp%2Fv2%2Ftags&post=125096"}],"curies":[{"name":"wp","href":"https:\/\/api.w.org\/{rel}","templated":true}]}}