{"id":125342,"date":"2025-07-25T12:36:34","date_gmt":"2025-07-25T09:36:34","guid":{"rendered":"https:\/\/jetlak.app\/?p=125342"},"modified":"2025-07-25T12:36:34","modified_gmt":"2025-07-25T09:36:34","slug":"kampa-gitmelerine-ragmen-mourinho-istemedi-5-futbolcu-icin-yonetime-satilabilir-raporu","status":"publish","type":"post","link":"https:\/\/jetlak.app\/?p=125342","title":{"rendered":"Kampa gitmelerine ra\u011fmen Mourinho istemedi: 5 futbolcu\u00a0i\u00e7in y\u00f6netime\u00a0sat\u0131labilir raporu"},"content":{"rendered":"<p><img decoding=\"async\" src=\"https:\/\/cdn1.ntv.com.tr\/gorsel\/DLNLs6itqEGkknyilXfBGQ.jpg?width=1200&amp;ampmode=crop&amp;ampscale=both\" class=\"type:primaryImage\" alt=\"Kampa gittiler ama veto yediler\" \/><\/p>\n<p>Jose Mourinho, Portekiz kamp\u0131na kat\u0131lmalar\u0131na ra\u011fmen 5 futbolcunun biletini kesti.<\/p>\n<p><strong>Edin Dzeko<\/strong> ile<strong> Dusan Tadic<\/strong>&#8216;i g\u00f6nderen Fenerbah\u00e7e&#8217;de, teknik direkt\u00f6r <strong>Jose Mourinho<\/strong>, raporunu \u015fekillendiriyor.<\/p>\n<p>Mourinho, Portekiz kamp\u0131na g\u00f6t\u00fcr\u00fclmesine ra\u011fmen 5 futbolcu i\u00e7in sat\u0131labilir raporu verdi.<\/p>\n<p>Mourinho&#8217;nun talebi sonras\u0131 y\u00f6netim Djiku, Mimovic, Becao, Diego Calos ve Amrabat i\u00e7in tak\u0131m aran\u0131yor. Gelecek oyuncular\u0131n durumuna g\u00f6re iyi teklif gelmesi halinde ise \u0130rfan Can, \u0130smail Y\u00fcksek, \u00c7a\u011flar S\u00f6y\u00fcnc\u00fc ve En Nesyri gibi isimler de ayr\u0131l\u0131k ya\u015fayabilir.\u00a0<\/p>\n<p>Fenerbah\u00e7e, yeni sezon \u00f6ncesi\u00a0Tar\u0131k \u00c7etin, Jhon Duran ve Archie Brown isimlerini kadrosuna katm\u0131\u015ft\u0131. <\/p>\n<p><strong>PORTEK\u0130Z&#8217;DE TRANSFER Z\u0130RVES\u0130 YAPILDI<\/strong><\/p>\n<p>Fenerbah\u00e7e&#8217;de Ali Ko\u00e7 ve Mourinho Portekiz&#8217;de bulu\u015ftu. \u0130kili, transfer\u00a0toplant\u0131s\u0131nda bir araya geldi.  G\u00f6r\u00fc\u015fmede ikiliye Devin \u00d6zek ve Berke \u00c7elebi de e\u015flik etti.<\/p>\n<p><strong>Sar\u0131 lacivertlilerden g\u00f6r\u00fc\u015fme hakk\u0131nda \u015fu a\u00e7\u0131klama yap\u0131ld\u0131:<\/strong>  \u201cBa\u015fkan\u0131m\u0131z Ali Y. Ko\u00e7, Teknik Direkt\u00f6r\u00fcm\u00fcz Jos\u00e9 Mourinho, Futbol Direkt\u00f6r\u00fcm\u00fcz Devin \u00d6zek ve Futbol Koordinat\u00f6r\u00fcm\u00fcz Berke \u00c7elebi transfer s\u00fcre\u00e7lerine ili\u015fkin de\u011ferlendirme toplant\u0131s\u0131 kapsam\u0131nda Portekiz\u2019de bir araya geldi.&#8221;  <\/p>\n<p><img decoding=\"async\" src=\"https:\/\/cdn1.ntv.com.tr\/gorsel\/hq6AS1FKakW9VM9DSVlSTg.jpg?width=1200&amp;ampmode=crop&amp;ampscale=both\" alt=\"\" \/><\/p>","protected":false},"excerpt":{"rendered":"<p>Jose Mourinho, Portekiz kamp\u0131na kat\u0131lmalar\u0131na ra\u011fmen 5 futbolcunun biletini kesti. Edin Dzeko ile Dusan Tadic&#8216;i g\u00f6nderen Fenerbah\u00e7e&#8217;de, teknik direkt\u00f6r Jose Mourinho, raporunu \u015fekillendiriyor. Mourinho, Portekiz kamp\u0131na g\u00f6t\u00fcr\u00fclmesine ra\u011fmen 5 futbolcu i\u00e7in sat\u0131labilir raporu verdi. Mourinho&#8217;nun talebi sonras\u0131 y\u00f6netim Djiku, Mimovic, Becao, Diego Calos ve Amrabat i\u00e7in tak\u0131m aran\u0131yor. Gelecek oyuncular\u0131n durumuna g\u00f6re iyi teklif gelmesi [&hellip;]<\/p>\n","protected":false},"author":1,"featured_media":125344,"comment_status":"open","ping_status":"open","sticky":false,"template":"","format":"standard","meta":{"jnews-multi-image_gallery":[],"jnews_single_post":[],"jnews_primary_category":[],"jnews_social_meta":[],"jnews_review":[],"enable_review":"","type":"","name":"","summary":"","brand":"","sku":"","good":[],"bad":[],"score_override":"","override_value":"","rating":[],"price":[],"jnews_override_counter":[],"jnews_post_split":[],"footnotes":""},"categories":[90],"tags":[],"class_list":["post-125342","post","type-post","status-publish","format-standard","has-post-thumbnail","hentry","category-ntv_spor"],"amp_enabled":true,"_links":{"self":[{"href":"https:\/\/jetlak.app\/index.php?rest_route=\/wp\/v2\/posts\/125342","targetHints":{"allow":["GET"]}}],"collection":[{"href":"https:\/\/jetlak.app\/index.php?rest_route=\/wp\/v2\/posts"}],"about":[{"href":"https:\/\/jetlak.app\/index.php?rest_route=\/wp\/v2\/types\/post"}],"author":[{"embeddable":true,"href":"https:\/\/jetlak.app\/index.php?rest_route=\/wp\/v2\/users\/1"}],"replies":[{"embeddable":true,"href":"https:\/\/jetlak.app\/index.php?rest_route=%2Fwp%2Fv2%2Fcomments&post=125342"}],"version-history":[{"count":0,"href":"https:\/\/jetlak.app\/index.php?rest_route=\/wp\/v2\/posts\/125342\/revisions"}],"wp:featuredmedia":[{"embeddable":true,"href":"https:\/\/jetlak.app\/index.php?rest_route=\/wp\/v2\/media\/125344"}],"wp:attachment":[{"href":"https:\/\/jetlak.app\/index.php?rest_route=%2Fwp%2Fv2%2Fmedia&parent=125342"}],"wp:term":[{"taxonomy":"category","embeddable":true,"href":"https:\/\/jetlak.app\/index.php?rest_route=%2Fwp%2Fv2%2Fcategories&post=125342"},{"taxonomy":"post_tag","embeddable":true,"href":"https:\/\/jetlak.app\/index.php?rest_route=%2Fwp%2Fv2%2Ftags&post=125342"}],"curies":[{"name":"wp","href":"https:\/\/api.w.org\/{rel}","templated":true}]}}