{"id":125649,"date":"2025-07-25T13:41:06","date_gmt":"2025-07-25T10:41:06","guid":{"rendered":"https:\/\/jetlak.app\/?p=125649"},"modified":"2025-07-25T13:41:06","modified_gmt":"2025-07-25T10:41:06","slug":"arda-turan-roportaji-olay-oldu-turk-taraftarlardan-mesajlar-aliyorum","status":"publish","type":"post","link":"https:\/\/jetlak.app\/?p=125649","title":{"rendered":"Arda Turan r\u00f6portaj\u0131 olay oldu: &#8220;T\u00fcrk taraftarlardan mesajlar al\u0131yorum&#8221;"},"content":{"rendered":"<p><img decoding=\"async\" src=\"https:\/\/cdn1.ntv.com.tr\/gorsel\/JESaqKt1kkuuZTTYLX_kkw.jpg?width=1200&amp;ampmode=crop&amp;ampscale=both\" class=\"type:primaryImage\" alt=\"Arda Turan r\u00f6portaj\u0131 olay oldu\" \/><\/p>\n<p>Arda Turan&#8217;\u0131n g\u00f6z temas\u0131 kurmaktan ka\u00e7\u0131nc\u0131\u011f\u0131 Ukraynal\u0131 muhabir\u00a0Daria Bondar, T\u00fcrk taraftarlar hakk\u0131nda konu\u015ftu.<\/p>\n<p>Ge\u00e7ti\u011fimiz g\u00fcnlerde Arda Turan ile yapt\u0131\u011f\u0131 r\u00f6portajla T\u00fcrkiye&#8217;de g\u00fcndem olan Shakhtar Donetsk Medya Direkt\u00f6r\u00fc <strong>Daria Bondar<\/strong> Be\u015fikta\u015f-Shakhtar ma\u00e7\u0131nda da b\u00fcy\u00fck ilgiyle kar\u015f\u0131la\u015ft\u0131. <\/p>\n<p>Ukraynal\u0131 muhabir, kar\u015f\u0131la\u015fman\u0131n sonunda &#8220;T\u00fcrk taraftarlardan s\u0131k s\u0131k mesajlar ald\u0131\u011f\u0131n\u0131 ifade ederken \u0130stanbul ve T\u00fcrkiye&#8217;yi \u00e7ok sevdi\u011fini s\u00f6yledi. Bondar ayr\u0131ca yeni teknik direkt\u00f6rleri Arda Turan hakk\u0131nda \u00f6vg\u00fc dolu s\u00f6zler kulland\u0131.<\/p>\n<p><strong>\u201cT\u00dcRK\u0130YE\u2019DE BU KADAR POP\u00dcLER OLDU\u011eUMU B\u0130LM\u0130YORDUM&#8221;<\/strong>  T\u00fcrkiye\u2019de olan pop\u00fclerli\u011fi hakk\u0131nda\u00a0Fanatik&#8217;e konu\u015fan Bondar, \u201cT\u00fcrkiye\u2019de bu kadar pop\u00fcler oldu\u011fumu bilmiyordum. \u00c7ok fazla meslekta\u015f\u0131m bunu bana s\u00f6yledi. Instagramdan \u00e7ok fazla mesaj al\u0131yorum. Fenerbah\u00e7e, Galatasaray ve Be\u015fikta\u015f taraftar\u0131 yaz\u0131yor. Hepsi bana Be\u015fikta\u015f\u2019a gel, T\u00fcrkiye\u2019ye gel, Galatasaray\u2019a gel diyor ama ben Shakhtar\u2019\u0131 ger\u00e7ekten \u00e7ok seviyorum.\u201d ifadelerini kulland\u0131.  T\u00fcrkiye Ligi\u2019ni zaman zaman takip etti\u011fini ve Be\u015fikta\u015f taraftar\u0131ndan etkilendi\u011fini s\u00f6yleyen Shakhtar Donetsk Medya Direkt\u00f6r\u00fc, \u201cT\u00fcrkiye Ligi\u2019ni bazen takip ediyorum bazen etmiyorum. Shakhtar\u2019da \u00e7al\u0131\u015f\u0131yorum. T\u00fcm zaman\u0131m\u0131 bu tak\u0131m i\u00e7in harc\u0131yorum. Burada atmosfer m\u00fckemmel. Be\u015fikta\u015f taraftar\u0131 ger\u00e7ekten \u00e7\u0131lg\u0131n. Pozitif \u015feyler s\u00f6yleyebilirim. Ger\u00e7ekten \u015fok oldum ama pozitif bir \u015fekilde\u201d a\u00e7\u0131klamas\u0131n\u0131 yapt\u0131.<\/p>\n<p><img decoding=\"async\" src=\"https:\/\/cdn1.ntv.com.tr\/gorsel\/DDxUxHD6aESJfE06yfyDxQ.jpg?width=1200&amp;ampmode=crop&amp;ampscale=both\" alt=\"\" \/><\/p>\n<p><strong>O B\u0130R EFSANE VE \u00c7OK \u00dcNL\u00dc B\u0130R\u0130<\/strong><\/p>\n<p>Arda Turan\u2019dan \u00f6vg\u00fc dolu s\u00f6zlerle bahseden Ukraynal\u0131 muhabir, \u201cArda Turan tak\u0131mdaki herkese sayg\u0131 duyuyor. \u00c7al\u0131\u015fanlara da oyunculara da sayg\u0131 g\u00f6steriyor. Konu\u015fuyor, destekliyor ve motive ediyor. O bir efsane ve biz onu seviyoruz. Onunla \u00e7al\u0131\u015ft\u0131\u011f\u0131m\u0131z i\u00e7in \u015fansl\u0131y\u0131z. O herkes i\u00e7in en do\u011fru s\u00f6zleri bulacakt\u0131r. Farkl\u0131 yollarla herkesi motive edebilir. O \u00e7\u0131lg\u0131n biri. Bazen de agresif. Fakat bize g\u00fc\u00e7 veren onun karakteri. \u00dclkemiz \u015fu anda tam olarak buna ihtiya\u00e7 duyuyor. O bir efsane ve \u00e7ok \u00fcnl\u00fc biri. Ama \u00f6ncelikle insan kalmay\u0131 ba\u015farabilmi\u015f\u201d \u015feklinde konu\u015ftu.  Daria Bondar\u2019\u0131n son s\u00f6z\u00fc ise \u201cBuraya tekrar gelece\u011fim\u201d oldu.<\/p>\n<p><strong>NE OLMU\u015eTU?<\/strong><\/p>\n<p>Arda Turan, UEFA Avrupa Ligi&#8217;nde Be\u015fikta\u015f&#8217;a kar\u015f\u0131 oynad\u0131klar\u0131 ma\u00e7\u0131n ard\u0131ndan Ukraynal\u0131 muhabir Daria Bondar Savina&#8217;yla r\u00f6portaj verdi.   Turan, r\u00f6portaj s\u0131ras\u0131nda muhabirle g\u00f6z temas\u0131 kurmaktan ka\u00e7\u0131nd\u0131. <\/p>\n<p>Bu durum sosyal medyada dikkat \u00e7ekti ve Turan&#8217;\u0131n e\u015fi Asl\u0131han Do\u011fan&#8217;a ba\u011flanarak esprili yorumlara neden oldu.<\/p>\n<p>Turan daha \u00f6nceki bir r\u00f6portaj\u0131nda da yine\u00a0Bondar&#8217;\u0131n y\u00fcz\u00fcne bakmaktan \u00e7ekinmi\u015f ve g\u00f6z temas\u0131 kurmam\u0131\u015ft\u0131.\u00a0<\/p>\n<p><img decoding=\"async\" src=\"https:\/\/cdn1.ntv.com.tr\/gorsel\/XxcMHCHp4EOyBjSWPqXOCA.jpg?width=1200&amp;ampmode=crop&amp;ampscale=both\" alt=\"\" \/><\/p>","protected":false},"excerpt":{"rendered":"<p>Arda Turan&#8217;\u0131n g\u00f6z temas\u0131 kurmaktan ka\u00e7\u0131nc\u0131\u011f\u0131 Ukraynal\u0131 muhabir\u00a0Daria Bondar, T\u00fcrk taraftarlar hakk\u0131nda konu\u015ftu. Ge\u00e7ti\u011fimiz g\u00fcnlerde Arda Turan ile yapt\u0131\u011f\u0131 r\u00f6portajla T\u00fcrkiye&#8217;de g\u00fcndem olan Shakhtar Donetsk Medya Direkt\u00f6r\u00fc Daria Bondar Be\u015fikta\u015f-Shakhtar ma\u00e7\u0131nda da b\u00fcy\u00fck ilgiyle kar\u015f\u0131la\u015ft\u0131. Ukraynal\u0131 muhabir, kar\u015f\u0131la\u015fman\u0131n sonunda &#8220;T\u00fcrk taraftarlardan s\u0131k s\u0131k mesajlar ald\u0131\u011f\u0131n\u0131 ifade ederken \u0130stanbul ve T\u00fcrkiye&#8217;yi \u00e7ok sevdi\u011fini s\u00f6yledi. Bondar ayr\u0131ca [&hellip;]<\/p>\n","protected":false},"author":1,"featured_media":125651,"comment_status":"open","ping_status":"open","sticky":false,"template":"","format":"standard","meta":{"jnews-multi-image_gallery":[],"jnews_single_post":[],"jnews_primary_category":[],"jnews_social_meta":[],"jnews_review":[],"enable_review":"","type":"","name":"","summary":"","brand":"","sku":"","good":[],"bad":[],"score_override":"","override_value":"","rating":[],"price":[],"jnews_override_counter":[],"jnews_post_split":[],"footnotes":""},"categories":[90],"tags":[],"class_list":["post-125649","post","type-post","status-publish","format-standard","has-post-thumbnail","hentry","category-ntv_spor"],"amp_enabled":true,"_links":{"self":[{"href":"https:\/\/jetlak.app\/index.php?rest_route=\/wp\/v2\/posts\/125649","targetHints":{"allow":["GET"]}}],"collection":[{"href":"https:\/\/jetlak.app\/index.php?rest_route=\/wp\/v2\/posts"}],"about":[{"href":"https:\/\/jetlak.app\/index.php?rest_route=\/wp\/v2\/types\/post"}],"author":[{"embeddable":true,"href":"https:\/\/jetlak.app\/index.php?rest_route=\/wp\/v2\/users\/1"}],"replies":[{"embeddable":true,"href":"https:\/\/jetlak.app\/index.php?rest_route=%2Fwp%2Fv2%2Fcomments&post=125649"}],"version-history":[{"count":0,"href":"https:\/\/jetlak.app\/index.php?rest_route=\/wp\/v2\/posts\/125649\/revisions"}],"wp:featuredmedia":[{"embeddable":true,"href":"https:\/\/jetlak.app\/index.php?rest_route=\/wp\/v2\/media\/125651"}],"wp:attachment":[{"href":"https:\/\/jetlak.app\/index.php?rest_route=%2Fwp%2Fv2%2Fmedia&parent=125649"}],"wp:term":[{"taxonomy":"category","embeddable":true,"href":"https:\/\/jetlak.app\/index.php?rest_route=%2Fwp%2Fv2%2Fcategories&post=125649"},{"taxonomy":"post_tag","embeddable":true,"href":"https:\/\/jetlak.app\/index.php?rest_route=%2Fwp%2Fv2%2Ftags&post=125649"}],"curies":[{"name":"wp","href":"https:\/\/api.w.org\/{rel}","templated":true}]}}