{"id":125842,"date":"2025-07-25T15:33:36","date_gmt":"2025-07-25T12:33:36","guid":{"rendered":"https:\/\/jetlak.app\/?p=125842"},"modified":"2025-07-25T15:33:36","modified_gmt":"2025-07-25T12:33:36","slug":"transfer-haberi-galatasarayda-victor-osimhen-icin-imzalar-atiliyor","status":"publish","type":"post","link":"https:\/\/jetlak.app\/?p=125842","title":{"rendered":"TRANSFER HABER\u0130 | Galatasaray&#8217;da Victor Osimhen i\u00e7in imzalar at\u0131l\u0131yor!"},"content":{"rendered":"<p><img decoding=\"async\" src=\"https:\/\/iaftm.tmgrup.com.tr\/61d8fc\/1200\/675\/0\/66\/1500\/909?u=https:\/\/iftm.tmgrup.com.tr\/2025\/07\/25\/transfer-haberi-galatasarayda-victor-osimhen-icin-imzalar-atiliyor-1753442139317.jpeg\" alt=\"TRANSFER HABER\u0130 | Galatasaray'da Victor Osimhen i\u00e7in imzalar at\u0131l\u0131yor!\" \/><br \/>Galatasaray&#8217;da taraftarlar\u0131n heyecanla bekledi\u011fi, d\u00fcnya futbolunun yak\u0131ndan takip etti\u011fi Victor Osimhen transferinde sona gelindi. \u0130talyan bas\u0131n\u0131, Nijeryal\u0131 y\u0131ld\u0131z golc\u00fcn\u00fcn transferi i\u00e7in imzalar\u0131n at\u0131lma&#8230;<a href=\"https:\/\/www.fotomac.com.tr\/galatasaray\/2025\/07\/25\/transfer-haberi-galatasarayda-victor-osimhen-icin-imzalar-atiliyor\">Devam\u0131 i\u00e7in t\u0131klay\u0131n\u0131z<\/a><\/p>","protected":false},"excerpt":{"rendered":"<p>Galatasaray&#8217;da taraftarlar\u0131n heyecanla bekledi\u011fi, d\u00fcnya futbolunun yak\u0131ndan takip etti\u011fi Victor Osimhen transferinde sona gelindi. \u0130talyan bas\u0131n\u0131, Nijeryal\u0131 y\u0131ld\u0131z golc\u00fcn\u00fcn transferi i\u00e7in imzalar\u0131n at\u0131lma&#8230;Devam\u0131 i\u00e7in t\u0131klay\u0131n\u0131z<\/p>\n","protected":false},"author":1,"featured_media":125844,"comment_status":"open","ping_status":"open","sticky":false,"template":"","format":"standard","meta":{"jnews-multi-image_gallery":[],"jnews_single_post":[],"jnews_primary_category":[],"jnews_social_meta":[],"jnews_review":[],"enable_review":"","type":"","name":"","summary":"","brand":"","sku":"","good":[],"bad":[],"score_override":"","override_value":"","rating":[],"price":[],"jnews_override_counter":[],"jnews_post_split":[],"footnotes":""},"categories":[92],"tags":[],"class_list":["post-125842","post","type-post","status-publish","format-standard","has-post-thumbnail","hentry","category-fotomac"],"amp_enabled":true,"_links":{"self":[{"href":"https:\/\/jetlak.app\/index.php?rest_route=\/wp\/v2\/posts\/125842","targetHints":{"allow":["GET"]}}],"collection":[{"href":"https:\/\/jetlak.app\/index.php?rest_route=\/wp\/v2\/posts"}],"about":[{"href":"https:\/\/jetlak.app\/index.php?rest_route=\/wp\/v2\/types\/post"}],"author":[{"embeddable":true,"href":"https:\/\/jetlak.app\/index.php?rest_route=\/wp\/v2\/users\/1"}],"replies":[{"embeddable":true,"href":"https:\/\/jetlak.app\/index.php?rest_route=%2Fwp%2Fv2%2Fcomments&post=125842"}],"version-history":[{"count":0,"href":"https:\/\/jetlak.app\/index.php?rest_route=\/wp\/v2\/posts\/125842\/revisions"}],"wp:featuredmedia":[{"embeddable":true,"href":"https:\/\/jetlak.app\/index.php?rest_route=\/wp\/v2\/media\/125844"}],"wp:attachment":[{"href":"https:\/\/jetlak.app\/index.php?rest_route=%2Fwp%2Fv2%2Fmedia&parent=125842"}],"wp:term":[{"taxonomy":"category","embeddable":true,"href":"https:\/\/jetlak.app\/index.php?rest_route=%2Fwp%2Fv2%2Fcategories&post=125842"},{"taxonomy":"post_tag","embeddable":true,"href":"https:\/\/jetlak.app\/index.php?rest_route=%2Fwp%2Fv2%2Ftags&post=125842"}],"curies":[{"name":"wp","href":"https:\/\/api.w.org\/{rel}","templated":true}]}}