{"id":125845,"date":"2025-07-25T15:33:44","date_gmt":"2025-07-25T12:33:44","guid":{"rendered":"https:\/\/jetlak.app\/?p=125845"},"modified":"2025-07-25T15:33:44","modified_gmt":"2025-07-25T12:33:44","slug":"felipe-augusto-onlarin-biraktigi-ayak-izlerini-takip-edecegim","status":"publish","type":"post","link":"https:\/\/jetlak.app\/?p=125845","title":{"rendered":"Felipe Augusto: Onlar\u0131n b\u0131rakt\u0131\u011f\u0131 ayak izlerini takip edece\u011fim"},"content":{"rendered":"<p><img decoding=\"async\" src=\"https:\/\/cdn1.ntv.com.tr\/gorsel\/EemnBsCVike2XLs1Cbp7XA.jpg?width=1200&amp;ampmode=crop&amp;ampscale=both\" class=\"type:primaryImage\" alt=\"\" \/><\/p>\n<p>S\u00fcper Lig&#8217;in yeni transferi\u00a0Felipe Augusto, &#8220;S\u00f6rloth burada ba\u015far\u0131l\u0131 oldu. Onlar\u0131n b\u0131rakt\u0131\u011f\u0131 ayak izlerini takip\u00a0edece\u011fim.&#8221; dedi.<\/p>\n<p>Trabzonspor&#8217;un yeni transferi Brezilyal\u0131 Felipe Augusto, bordo-mavili tak\u0131ma faydal\u0131 olmak istedi\u011fini s\u00f6yledi.  Erzurum&#8217;un Paland\u00f6ken Da\u011f\u0131 eteklerindeki Y\u00fcksek \u0130rtifa Kamp Merkezi&#8217;nde ikinci etap kamp \u00e7al\u0131\u015fmalar\u0131na devam eden Trabzonspor oyuncular\u0131ndan 21 ya\u015f\u0131ndaki futbolcu Augusto, antrenman \u00f6ncesi bas\u0131n mensuplar\u0131n\u0131n sorular\u0131n\u0131 yan\u0131tlad\u0131.  Augusto, fiziksel olarak kendini gayet iyi hissetti\u011fini ve kamp\u0131n g\u00fczel gitti\u011fini dile getirdi.  Yeni bir yere adaptasyon s\u00fcrecinin kolay olmad\u0131\u011f\u0131n\u0131 ancak tak\u0131m arkada\u015flar\u0131n\u0131n ve herkesin kendisine her konuda yard\u0131mc\u0131 oldu\u011funu ifade eden Augusto, &#8220;\u0130lk andan beri evimdeymi\u015f gibi hissediyorum. Hocam\u0131z, geldi\u011fimiz ilk g\u00fcnden beri neler yapmam gerekti\u011fini anlatmaya ba\u015flad\u0131, kendimi rahat ve iyi hissetmem gerekti\u011fini ifade etti. Taktik \u00e7al\u0131\u015fmas\u0131nda benden en b\u00fcy\u00fck talebi rahat olmam ve taktik anlay\u0131\u015f\u0131n\u0131 sahada en sonuna kadar g\u00f6sterebilmem.&#8221; dedi.  <strong>&#8220;BU HAYATTA EN \u00c7OK SEVD\u0130\u011e\u0130M \u015eEY FUTBOL OYNAMAK, SAHADA OLAB\u0130LMEK&#8221;<\/strong>  Ma\u00e7lardaki performans\u0131na y\u00f6nelik soru \u00fczerine Augusto, &#8220;Ben en sevdi\u011fim i\u015fi yap\u0131yorum. Bu hayatta en \u00e7ok sevdi\u011fim \u015fey futbol oynamak, sahada olabilmek. Dolay\u0131s\u0131yla sahada oldu\u011fum her saniye elimden gelenin en iyisini yapmaya \u00e7al\u0131\u015f\u0131yorum. Formam\u0131z i\u00e7in, bu tak\u0131m\u0131n renkleri i\u00e7in her zaman da b\u00f6yle elimden gelenin en iyisini vermeye \u00e7al\u0131\u015faca\u011f\u0131m. Ma\u00e7larda elinden gelen en iyi \u015feyi yapabilmek belki \u00e7ok \u00f6nemli ama bir h\u00fccum oyuncusu ad\u0131na gol atabilmek de \u00e7ok \u00f6nemli. Benim ad\u0131ma haz\u0131rl\u0131k ma\u00e7\u0131 dahi olsa golle ba\u015flayabilmek \u00f6zg\u00fcven a\u00e7\u0131s\u0131ndan b\u00fcy\u00fck katk\u0131lar\u0131 oldu.&#8221; ifadelerini kulland\u0131.  Tak\u0131ma gelmeden \u00f6nce oyuncularla ilgili ara\u015ft\u0131rma yapt\u0131\u011f\u0131n\u0131 belirten Augusto, \u015funlar\u0131 kaydetti:  &#8220;Beni buraya getiren sebeplerden biri de burada daha \u00f6nce oynayan santrfor oyuncular\u0131n \u00e7ok ba\u015far\u0131l\u0131 olup farkl\u0131 liglere gidip orada da kendilerini kan\u0131tlayabilmeleriydi. Dolay\u0131s\u0131yla ben de onlar\u0131n yolundan gidip onlar\u0131n b\u0131rakt\u0131\u011f\u0131 izleri takip edip ayn\u0131 \u015fekilde ba\u015far\u0131l\u0131 olmaya \u00e7al\u0131\u015f\u0131yorum. Alexander S\u00f6rloth Avrupa&#8217;n\u0131n en g\u00f6zde santrforlar\u0131ndan biri. O da burada oynad\u0131, burada ba\u015far\u0131l\u0131 oldu. Ben de onlar gibi o yolu takip ederek, onlar\u0131n b\u0131rakt\u0131\u011f\u0131 ayak izlerini takip ederek farkl\u0131 bir lige gidip orada da yine kendimi kan\u0131tlamak istiyorum.&#8221;  <strong>&#8220;TEK VE \u0130LK AMACIM HER ZAMAN TRABZONSPOR&#8217;A YARDIMCI OLAB\u0130LMEK&#8221;<\/strong>  Sahada elinden gelenin en iyisini yapmaya \u00e7al\u0131\u015ft\u0131\u011f\u0131n\u0131 aktaran Augusto, &#8220;Sahan\u0131n neresinde olursam olay\u0131m tek ve ilk amac\u0131m her zaman Trabzonspor&#8217;a yard\u0131mc\u0131 olabilmek. B\u00fct\u00fcn oyuncular gibi saha i\u00e7inde tabii ki olmak isterim ama saha i\u00e7inde olsam da olmasam da yedek kul\u00fcbesinde ya da d\u0131\u015far\u0131da da bekliyor olsam da ilk amac\u0131m, tek \u00f6nceli\u011fim Trabzonspor&#8217;a yard\u0131mc\u0131 olabilmek, en b\u00fcy\u00fck hedefim bu. Goller atarak, elimden gelenin en iyisini yaparak, sahada bulundu\u011fum ya da bulunmad\u0131\u011f\u0131m her anda Trabzonspor&#8217;a faydal\u0131 olmaya \u00e7al\u0131\u015faca\u011f\u0131m. &#8221; dedi.  Augusto, Erzurum&#8217;un otel, spor salonlar\u0131, saha ve hava \u015fartlar\u0131 a\u00e7\u0131s\u0131ndan futbolcular i\u00e7in kampa \u00e7ok uygun oldu\u011funu, kamp\u0131n gayet ba\u015far\u0131l\u0131 ve \u00e7ok verimli ge\u00e7ti\u011fini anlatt\u0131.<\/p>","protected":false},"excerpt":{"rendered":"<p>S\u00fcper Lig&#8217;in yeni transferi\u00a0Felipe Augusto, &#8220;S\u00f6rloth burada ba\u015far\u0131l\u0131 oldu. Onlar\u0131n b\u0131rakt\u0131\u011f\u0131 ayak izlerini takip\u00a0edece\u011fim.&#8221; dedi. Trabzonspor&#8217;un yeni transferi Brezilyal\u0131 Felipe Augusto, bordo-mavili tak\u0131ma faydal\u0131 olmak istedi\u011fini s\u00f6yledi. Erzurum&#8217;un Paland\u00f6ken Da\u011f\u0131 eteklerindeki Y\u00fcksek \u0130rtifa Kamp Merkezi&#8217;nde ikinci etap kamp \u00e7al\u0131\u015fmalar\u0131na devam eden Trabzonspor oyuncular\u0131ndan 21 ya\u015f\u0131ndaki futbolcu Augusto, antrenman \u00f6ncesi bas\u0131n mensuplar\u0131n\u0131n sorular\u0131n\u0131 yan\u0131tlad\u0131. Augusto, fiziksel [&hellip;]<\/p>\n","protected":false},"author":1,"featured_media":125847,"comment_status":"open","ping_status":"open","sticky":false,"template":"","format":"standard","meta":{"jnews-multi-image_gallery":[],"jnews_single_post":[],"jnews_primary_category":[],"jnews_social_meta":[],"jnews_review":[],"enable_review":"","type":"","name":"","summary":"","brand":"","sku":"","good":[],"bad":[],"score_override":"","override_value":"","rating":[],"price":[],"jnews_override_counter":[],"jnews_post_split":[],"footnotes":""},"categories":[90],"tags":[],"class_list":["post-125845","post","type-post","status-publish","format-standard","has-post-thumbnail","hentry","category-ntv_spor"],"amp_enabled":true,"_links":{"self":[{"href":"https:\/\/jetlak.app\/index.php?rest_route=\/wp\/v2\/posts\/125845","targetHints":{"allow":["GET"]}}],"collection":[{"href":"https:\/\/jetlak.app\/index.php?rest_route=\/wp\/v2\/posts"}],"about":[{"href":"https:\/\/jetlak.app\/index.php?rest_route=\/wp\/v2\/types\/post"}],"author":[{"embeddable":true,"href":"https:\/\/jetlak.app\/index.php?rest_route=\/wp\/v2\/users\/1"}],"replies":[{"embeddable":true,"href":"https:\/\/jetlak.app\/index.php?rest_route=%2Fwp%2Fv2%2Fcomments&post=125845"}],"version-history":[{"count":0,"href":"https:\/\/jetlak.app\/index.php?rest_route=\/wp\/v2\/posts\/125845\/revisions"}],"wp:featuredmedia":[{"embeddable":true,"href":"https:\/\/jetlak.app\/index.php?rest_route=\/wp\/v2\/media\/125847"}],"wp:attachment":[{"href":"https:\/\/jetlak.app\/index.php?rest_route=%2Fwp%2Fv2%2Fmedia&parent=125845"}],"wp:term":[{"taxonomy":"category","embeddable":true,"href":"https:\/\/jetlak.app\/index.php?rest_route=%2Fwp%2Fv2%2Fcategories&post=125845"},{"taxonomy":"post_tag","embeddable":true,"href":"https:\/\/jetlak.app\/index.php?rest_route=%2Fwp%2Fv2%2Ftags&post=125845"}],"curies":[{"name":"wp","href":"https:\/\/api.w.org\/{rel}","templated":true}]}}