{"id":126134,"date":"2025-07-25T16:44:56","date_gmt":"2025-07-25T13:44:56","guid":{"rendered":"https:\/\/jetlak.app\/?p=126134"},"modified":"2025-07-25T16:44:56","modified_gmt":"2025-07-25T13:44:56","slug":"kocaelispordan-bir-transfer-daha","status":"publish","type":"post","link":"https:\/\/jetlak.app\/?p=126134","title":{"rendered":"Kocaelispor&#8217;dan bir transfer daha"},"content":{"rendered":"<p><img decoding=\"async\" src=\"https:\/\/cdn1.ntv.com.tr\/gorsel\/9VsQqjdOdE6oX5TgwMfnfQ.jpg?width=1200&amp;ampmode=crop&amp;ampscale=both\" class=\"type:primaryImage\" alt=\"Kocaelispor'dan bir transfer daha\" \/><\/p>\n<p>Kocaelispor, Anfernee Dijksteel ile \u00f6n protokol imzalad\u0131.<\/p>\n<p>Kocaelispor, son olarak \u0130ngiltere Championship tak\u0131mlar\u0131ndan Middlesbrough&#8217;da forma giyen sa\u011f bek Anfernee Jamal Dijksteel ile \u00f6n protokol imzalad\u0131.  Kul\u00fcpten yap\u0131lan a\u00e7\u0131klamaya g\u00f6re, ye\u015fil-siyahl\u0131 ekip, 28 ya\u015f\u0131ndaki savunma oyuncusu ile sa\u011fl\u0131k kontrollerinden ba\u015far\u0131l\u0131 bir \u015fekilde ge\u00e7mesi \u015fart\u0131yla anla\u015fmaya vard\u0131.  Dijksteel&#8217;in, sa\u011fl\u0131k kontrolleri i\u00e7in Kocaeli&#8217;ye gelece\u011fi belirtilen a\u00e7\u0131klamada, &#8220;Futbolcu Kocaelispor Futbol A Tak\u0131m\u0131 ve Gen\u00e7 Tak\u0131mlar sa\u011fl\u0131k sponsorumuz Atakent Cihan Hastanesi&#8217;nde sa\u011fl\u0131k kontrol\u00fcnden ge\u00e7mek \u00fczere \u015fehrimize gelecek olup, sa\u011fl\u0131k kontrollerinin ba\u015far\u0131l\u0131 sonu\u00e7lanmas\u0131 \u015fart\u0131yla kul\u00fcb\u00fcm\u00fcz ve futbolcu aras\u0131nda 2+1 y\u0131ll\u0131k s\u00f6zle\u015fme imzalanacakt\u0131r&#8221; denildi.  <strong>D\u0130\u011eER TRANSFERLER<\/strong>  Kocaelispor, \u015fu ana kadar Alexandar Jovanovic, Dan Agyei, Joesph Nonge Boende, Massaido Haidara, Manuel Luis Da Silva Cafumana ve Bruno Petkovic&#8217;i renklerine ba\u011flad\u0131.<\/p>","protected":false},"excerpt":{"rendered":"<p>Kocaelispor, Anfernee Dijksteel ile \u00f6n protokol imzalad\u0131. Kocaelispor, son olarak \u0130ngiltere Championship tak\u0131mlar\u0131ndan Middlesbrough&#8217;da forma giyen sa\u011f bek Anfernee Jamal Dijksteel ile \u00f6n protokol imzalad\u0131. Kul\u00fcpten yap\u0131lan a\u00e7\u0131klamaya g\u00f6re, ye\u015fil-siyahl\u0131 ekip, 28 ya\u015f\u0131ndaki savunma oyuncusu ile sa\u011fl\u0131k kontrollerinden ba\u015far\u0131l\u0131 bir \u015fekilde ge\u00e7mesi \u015fart\u0131yla anla\u015fmaya vard\u0131. Dijksteel&#8217;in, sa\u011fl\u0131k kontrolleri i\u00e7in Kocaeli&#8217;ye gelece\u011fi belirtilen a\u00e7\u0131klamada, &#8220;Futbolcu Kocaelispor [&hellip;]<\/p>\n","protected":false},"author":1,"featured_media":0,"comment_status":"open","ping_status":"open","sticky":false,"template":"","format":"standard","meta":{"jnews-multi-image_gallery":[],"jnews_single_post":[],"jnews_primary_category":[],"jnews_social_meta":[],"jnews_review":[],"enable_review":"","type":"","name":"","summary":"","brand":"","sku":"","good":[],"bad":[],"score_override":"","override_value":"","rating":[],"price":[],"jnews_override_counter":[],"jnews_post_split":[],"footnotes":""},"categories":[90],"tags":[],"class_list":["post-126134","post","type-post","status-publish","format-standard","hentry","category-ntv_spor"],"amp_enabled":true,"_links":{"self":[{"href":"https:\/\/jetlak.app\/index.php?rest_route=\/wp\/v2\/posts\/126134","targetHints":{"allow":["GET"]}}],"collection":[{"href":"https:\/\/jetlak.app\/index.php?rest_route=\/wp\/v2\/posts"}],"about":[{"href":"https:\/\/jetlak.app\/index.php?rest_route=\/wp\/v2\/types\/post"}],"author":[{"embeddable":true,"href":"https:\/\/jetlak.app\/index.php?rest_route=\/wp\/v2\/users\/1"}],"replies":[{"embeddable":true,"href":"https:\/\/jetlak.app\/index.php?rest_route=%2Fwp%2Fv2%2Fcomments&post=126134"}],"version-history":[{"count":0,"href":"https:\/\/jetlak.app\/index.php?rest_route=\/wp\/v2\/posts\/126134\/revisions"}],"wp:attachment":[{"href":"https:\/\/jetlak.app\/index.php?rest_route=%2Fwp%2Fv2%2Fmedia&parent=126134"}],"wp:term":[{"taxonomy":"category","embeddable":true,"href":"https:\/\/jetlak.app\/index.php?rest_route=%2Fwp%2Fv2%2Fcategories&post=126134"},{"taxonomy":"post_tag","embeddable":true,"href":"https:\/\/jetlak.app\/index.php?rest_route=%2Fwp%2Fv2%2Ftags&post=126134"}],"curies":[{"name":"wp","href":"https:\/\/api.w.org\/{rel}","templated":true}]}}