{"id":126365,"date":"2025-07-25T18:19:52","date_gmt":"2025-07-25T15:19:52","guid":{"rendered":"https:\/\/jetlak.app\/?p=126365"},"modified":"2025-07-25T18:19:52","modified_gmt":"2025-07-25T15:19:52","slug":"fenerbahce-feyenoord-maclarinin-tarih-ve-saati-belli-oldu","status":"publish","type":"post","link":"https:\/\/jetlak.app\/?p=126365","title":{"rendered":"Fenerbah\u00e7e-Feyenoord ma\u00e7lar\u0131n\u0131n tarih ve saati belli oldu!"},"content":{"rendered":"<p><img decoding=\"async\" src=\"https:\/\/iaftm.tmgrup.com.tr\/29b49b\/1200\/675\/25\/0\/636\/344?u=https:\/\/iftm.tmgrup.com.tr\/2025\/07\/25\/fenerbahce-feyenoord-maclarinin-tarih-ve-saati-belli-oldu-1753454703325.jpg\" alt=\"Fenerbah\u00e7e-Feyenoord ma\u00e7lar\u0131n\u0131n tarih ve saati belli oldu!\" \/><br \/>Fenerbah\u00e7e&#8217;nin UEFA \u015eampiyonlar Ligi 3. \u00d6n Eleme Turu\u2019nda Feyenoord ile oynayaca\u011f\u0131 ma\u00e7lar\u0131n tarihleri ve saatleri belli oldu. \u0130\u015fte detaylar&#8230; | Son dakika Fenerbah\u00e7e haberleri<a href=\"https:\/\/www.fotomac.com.tr\/fenerbahce\/2025\/07\/25\/fenerbahce-feyenoord-maclarinin-tarih-ve-saati-belli-oldu\">Devam\u0131 i\u00e7in t\u0131klay\u0131n\u0131z<\/a><\/p>","protected":false},"excerpt":{"rendered":"<p>Fenerbah\u00e7e&#8217;nin UEFA \u015eampiyonlar Ligi 3. \u00d6n Eleme Turu\u2019nda Feyenoord ile oynayaca\u011f\u0131 ma\u00e7lar\u0131n tarihleri ve saatleri belli oldu. \u0130\u015fte detaylar&#8230; | Son dakika Fenerbah\u00e7e haberleriDevam\u0131 i\u00e7in t\u0131klay\u0131n\u0131z<\/p>\n","protected":false},"author":1,"featured_media":126366,"comment_status":"open","ping_status":"open","sticky":false,"template":"","format":"standard","meta":{"jnews-multi-image_gallery":[],"jnews_single_post":[],"jnews_primary_category":[],"jnews_social_meta":[],"jnews_review":[],"enable_review":"","type":"","name":"","summary":"","brand":"","sku":"","good":[],"bad":[],"score_override":"","override_value":"","rating":[],"price":[],"jnews_override_counter":[],"jnews_post_split":[],"footnotes":""},"categories":[92],"tags":[],"class_list":["post-126365","post","type-post","status-publish","format-standard","has-post-thumbnail","hentry","category-fotomac"],"amp_enabled":true,"_links":{"self":[{"href":"https:\/\/jetlak.app\/index.php?rest_route=\/wp\/v2\/posts\/126365","targetHints":{"allow":["GET"]}}],"collection":[{"href":"https:\/\/jetlak.app\/index.php?rest_route=\/wp\/v2\/posts"}],"about":[{"href":"https:\/\/jetlak.app\/index.php?rest_route=\/wp\/v2\/types\/post"}],"author":[{"embeddable":true,"href":"https:\/\/jetlak.app\/index.php?rest_route=\/wp\/v2\/users\/1"}],"replies":[{"embeddable":true,"href":"https:\/\/jetlak.app\/index.php?rest_route=%2Fwp%2Fv2%2Fcomments&post=126365"}],"version-history":[{"count":0,"href":"https:\/\/jetlak.app\/index.php?rest_route=\/wp\/v2\/posts\/126365\/revisions"}],"wp:featuredmedia":[{"embeddable":true,"href":"https:\/\/jetlak.app\/index.php?rest_route=\/wp\/v2\/media\/126366"}],"wp:attachment":[{"href":"https:\/\/jetlak.app\/index.php?rest_route=%2Fwp%2Fv2%2Fmedia&parent=126365"}],"wp:term":[{"taxonomy":"category","embeddable":true,"href":"https:\/\/jetlak.app\/index.php?rest_route=%2Fwp%2Fv2%2Fcategories&post=126365"},{"taxonomy":"post_tag","embeddable":true,"href":"https:\/\/jetlak.app\/index.php?rest_route=%2Fwp%2Fv2%2Ftags&post=126365"}],"curies":[{"name":"wp","href":"https:\/\/api.w.org\/{rel}","templated":true}]}}