{"id":126367,"date":"2025-07-25T18:19:53","date_gmt":"2025-07-25T15:19:53","guid":{"rendered":"https:\/\/jetlak.app\/?p=126367"},"modified":"2025-07-25T18:19:53","modified_gmt":"2025-07-25T15:19:53","slug":"fenerbahcenin-feyenoord-ile-oynayacagi-maclarin-tarihleri-aciklandi","status":"publish","type":"post","link":"https:\/\/jetlak.app\/?p=126367","title":{"rendered":"Fenerbah\u00e7e&#8217;nin Feyenoord ile oynayaca\u011f\u0131 ma\u00e7lar\u0131n tarihleri\u00a0a\u00e7\u0131kland\u0131"},"content":{"rendered":"<p><img decoding=\"async\" src=\"https:\/\/cdn1.ntv.com.tr\/gorsel\/Agn-mc5Cs0mKUfXqkbOiGA.jpg?width=1200&amp;ampmode=crop&amp;ampscale=both\" class=\"type:primaryImage\" alt=\"Fenerbah\u00e7e'nin Avrupa takvimi\" \/><\/p>\n<p>Fenerbah\u00e7e&#8217;nin, Feyenoord ile oynayaca\u011f\u0131 \u015eampiyonlar Lig&#8217;i 3&#8217;\u00fcnc\u00fc \u00d6n Eleme Turu kar\u015f\u0131la\u015fmalar\u0131n\u0131n tarihleri belli oldu.<\/p>\n<p>Fenerbah\u00e7e&#8217;nin Avrupa takvimi netle\u015fti.<\/p>\n<p>Sar\u0131-lacivertli ekip ilk ma\u00e7\u0131 6 A\u011fustos \u00c7ar\u015famba g\u00fcn\u00fc Hollanda temsilcisi\u00a0Feyenoord\u00a0ile deplasmanda saat 22:00&#8217;de oynayacak.  R\u00f6van\u015f kar\u015f\u0131la\u015fmas\u0131nda ise\u00a0Fenerbah\u00e7e, Feyenoord&#8217;u 12 A\u011fustos Sal\u0131 g\u00fcn\u00fc Kad\u0131k\u00f6y&#8217;de konuk edecek. M\u00fccadele saat 20:00&#8217;de ba\u015flayacak. <\/p>\n<p><strong>TANIDIK B\u0130R \u0130S\u0130M YEN\u0130DEN GEL\u0130YOR<\/strong>  Feyenoord&#8217;u Fenerbah\u00e7e&#8217;nin eski futbolcusu Robin van Persie \u00e7al\u0131\u015ft\u0131r\u0131yor.\u00a0Robin van Persie yeniden \u0130stanbul&#8217;a gelerek Kad\u0131k\u00f6y&#8217;de sahaya \u00e7\u0131kacak.\u00a0  Hollanda ekibi ge\u00e7en y\u0131l son 16 turunda Inter&#8217;e elenmi\u015fti.  <strong>MUHTEMEL RAK\u0130PLER\u00a0<\/strong>  Fenerbah\u00e7e&#8217;nin Feyenoord&#8217;u elemesi durumunda \u015eampiyonlar Ligi play-off turundaki muhtemel rakipleri\u00a0ise \u015f\u00f6yle:  <em>Benfica &#8211; Nice<\/em> <em>Club Brugge &#8211; Salzburg \/ Brann<\/em><\/p>","protected":false},"excerpt":{"rendered":"<p>Fenerbah\u00e7e&#8217;nin, Feyenoord ile oynayaca\u011f\u0131 \u015eampiyonlar Lig&#8217;i 3&#8217;\u00fcnc\u00fc \u00d6n Eleme Turu kar\u015f\u0131la\u015fmalar\u0131n\u0131n tarihleri belli oldu. Fenerbah\u00e7e&#8217;nin Avrupa takvimi netle\u015fti. Sar\u0131-lacivertli ekip ilk ma\u00e7\u0131 6 A\u011fustos \u00c7ar\u015famba g\u00fcn\u00fc Hollanda temsilcisi\u00a0Feyenoord\u00a0ile deplasmanda saat 22:00&#8217;de oynayacak. R\u00f6van\u015f kar\u015f\u0131la\u015fmas\u0131nda ise\u00a0Fenerbah\u00e7e, Feyenoord&#8217;u 12 A\u011fustos Sal\u0131 g\u00fcn\u00fc Kad\u0131k\u00f6y&#8217;de konuk edecek. M\u00fccadele saat 20:00&#8217;de ba\u015flayacak. TANIDIK B\u0130R \u0130S\u0130M YEN\u0130DEN GEL\u0130YOR Feyenoord&#8217;u Fenerbah\u00e7e&#8217;nin eski [&hellip;]<\/p>\n","protected":false},"author":1,"featured_media":0,"comment_status":"open","ping_status":"open","sticky":false,"template":"","format":"standard","meta":{"jnews-multi-image_gallery":[],"jnews_single_post":[],"jnews_primary_category":[],"jnews_social_meta":[],"jnews_review":[],"enable_review":"","type":"","name":"","summary":"","brand":"","sku":"","good":[],"bad":[],"score_override":"","override_value":"","rating":[],"price":[],"jnews_override_counter":[],"jnews_post_split":[],"footnotes":""},"categories":[90],"tags":[],"class_list":["post-126367","post","type-post","status-publish","format-standard","hentry","category-ntv_spor"],"amp_enabled":true,"_links":{"self":[{"href":"https:\/\/jetlak.app\/index.php?rest_route=\/wp\/v2\/posts\/126367","targetHints":{"allow":["GET"]}}],"collection":[{"href":"https:\/\/jetlak.app\/index.php?rest_route=\/wp\/v2\/posts"}],"about":[{"href":"https:\/\/jetlak.app\/index.php?rest_route=\/wp\/v2\/types\/post"}],"author":[{"embeddable":true,"href":"https:\/\/jetlak.app\/index.php?rest_route=\/wp\/v2\/users\/1"}],"replies":[{"embeddable":true,"href":"https:\/\/jetlak.app\/index.php?rest_route=%2Fwp%2Fv2%2Fcomments&post=126367"}],"version-history":[{"count":0,"href":"https:\/\/jetlak.app\/index.php?rest_route=\/wp\/v2\/posts\/126367\/revisions"}],"wp:attachment":[{"href":"https:\/\/jetlak.app\/index.php?rest_route=%2Fwp%2Fv2%2Fmedia&parent=126367"}],"wp:term":[{"taxonomy":"category","embeddable":true,"href":"https:\/\/jetlak.app\/index.php?rest_route=%2Fwp%2Fv2%2Fcategories&post=126367"},{"taxonomy":"post_tag","embeddable":true,"href":"https:\/\/jetlak.app\/index.php?rest_route=%2Fwp%2Fv2%2Ftags&post=126367"}],"curies":[{"name":"wp","href":"https:\/\/api.w.org\/{rel}","templated":true}]}}