{"id":126459,"date":"2025-07-25T18:43:57","date_gmt":"2025-07-25T15:43:57","guid":{"rendered":"https:\/\/jetlak.app\/?p=126459"},"modified":"2025-07-25T18:43:57","modified_gmt":"2025-07-25T15:43:57","slug":"transfer-haberi-fenerbahce-skriniara-kavusuyor-iste-kazanacagi-ucret","status":"publish","type":"post","link":"https:\/\/jetlak.app\/?p=126459","title":{"rendered":"TRANSFER HABER\u0130 | Fenerbah\u00e7e Skriniar&#8217;a kavu\u015fuyor! \u0130\u015fte kazanaca\u011f\u0131 \u00fccret"},"content":{"rendered":"<p><img decoding=\"async\" src=\"https:\/\/iaftm.tmgrup.com.tr\/1b0303\/1200\/675\/0\/0\/1500\/843?u=https:\/\/iftm.tmgrup.com.tr\/2025\/07\/25\/transfer-haberi-fenerbahce-skriniara-kavusuyor-iste-kazanacagi-ucret-1753456480207.jpeg\" alt=\"TRANSFER HABER\u0130 | Fenerbah\u00e7e Skriniar'a kavu\u015fuyor! \u0130\u015fte kazanaca\u011f\u0131 \u00fccret\" \/><br \/>Fenerbah\u00e7e&#8217;ye ge\u00e7en sezon ara transfer d\u00f6neminde Paris Saint-Germain&#8217;den kiral\u0131k olarak kat\u0131lan Milan Skriniar hakk\u0131nda \u00f6nemli bir geli\u015fme ya\u015fand\u0131. \u0130talyan bas\u0131n\u0131nda yer alan o habere g\u00f6re, sar\u0131-lacivertliler&#8230;<a href=\"https:\/\/www.fotomac.com.tr\/fenerbahce\/2025\/07\/25\/transfer-haberi-fenerbahce-skriniara-kavusuyor-iste-kazanacagi-ucret\">Devam\u0131 i\u00e7in t\u0131klay\u0131n\u0131z<\/a><\/p>","protected":false},"excerpt":{"rendered":"<p>Fenerbah\u00e7e&#8217;ye ge\u00e7en sezon ara transfer d\u00f6neminde Paris Saint-Germain&#8217;den kiral\u0131k olarak kat\u0131lan Milan Skriniar hakk\u0131nda \u00f6nemli bir geli\u015fme ya\u015fand\u0131. \u0130talyan bas\u0131n\u0131nda yer alan o habere g\u00f6re, sar\u0131-lacivertliler&#8230;Devam\u0131 i\u00e7in t\u0131klay\u0131n\u0131z<\/p>\n","protected":false},"author":1,"featured_media":126460,"comment_status":"open","ping_status":"open","sticky":false,"template":"","format":"standard","meta":{"jnews-multi-image_gallery":[],"jnews_single_post":[],"jnews_primary_category":[],"jnews_social_meta":[],"jnews_review":[],"enable_review":"","type":"","name":"","summary":"","brand":"","sku":"","good":[],"bad":[],"score_override":"","override_value":"","rating":[],"price":[],"jnews_override_counter":[],"jnews_post_split":[],"footnotes":""},"categories":[92],"tags":[],"class_list":["post-126459","post","type-post","status-publish","format-standard","has-post-thumbnail","hentry","category-fotomac"],"amp_enabled":true,"_links":{"self":[{"href":"https:\/\/jetlak.app\/index.php?rest_route=\/wp\/v2\/posts\/126459","targetHints":{"allow":["GET"]}}],"collection":[{"href":"https:\/\/jetlak.app\/index.php?rest_route=\/wp\/v2\/posts"}],"about":[{"href":"https:\/\/jetlak.app\/index.php?rest_route=\/wp\/v2\/types\/post"}],"author":[{"embeddable":true,"href":"https:\/\/jetlak.app\/index.php?rest_route=\/wp\/v2\/users\/1"}],"replies":[{"embeddable":true,"href":"https:\/\/jetlak.app\/index.php?rest_route=%2Fwp%2Fv2%2Fcomments&post=126459"}],"version-history":[{"count":0,"href":"https:\/\/jetlak.app\/index.php?rest_route=\/wp\/v2\/posts\/126459\/revisions"}],"wp:featuredmedia":[{"embeddable":true,"href":"https:\/\/jetlak.app\/index.php?rest_route=\/wp\/v2\/media\/126460"}],"wp:attachment":[{"href":"https:\/\/jetlak.app\/index.php?rest_route=%2Fwp%2Fv2%2Fmedia&parent=126459"}],"wp:term":[{"taxonomy":"category","embeddable":true,"href":"https:\/\/jetlak.app\/index.php?rest_route=%2Fwp%2Fv2%2Fcategories&post=126459"},{"taxonomy":"post_tag","embeddable":true,"href":"https:\/\/jetlak.app\/index.php?rest_route=%2Fwp%2Fv2%2Ftags&post=126459"}],"curies":[{"name":"wp","href":"https:\/\/api.w.org\/{rel}","templated":true}]}}