{"id":129283,"date":"2025-07-26T07:04:24","date_gmt":"2025-07-26T04:04:24","guid":{"rendered":"https:\/\/jetlak.app\/?p=129283"},"modified":"2025-07-26T07:04:24","modified_gmt":"2025-07-26T04:04:24","slug":"fenerbahceden-sacha-boey-surprizi-transfer-boyle-bitecek","status":"publish","type":"post","link":"https:\/\/jetlak.app\/?p=129283","title":{"rendered":"Fenerbah\u00e7e&#8217;den Sacha Boey s\u00fcrprizi! Transfer b\u00f6yle bitecek"},"content":{"rendered":"<p><img decoding=\"async\" src=\"https:\/\/iaftm.tmgrup.com.tr\/357bf0\/1200\/675\/0\/41\/800\/492?u=https:\/\/iftm.tmgrup.com.tr\/2025\/07\/25\/boey-yoklamasi-1753470267979.jpeg\" alt=\"Fenerbah\u00e7e'den Sacha Boey s\u00fcrprizi! Transfer b\u00f6yle bitecek\" \/><br \/>Fenerbah\u00e7e&#8217;de yeni sezonun transfer \u00e7al\u0131\u015fmalar\u0131 s\u00fcr\u00fcyor. Sar\u0131-lacivertliler, sa\u011f bek b\u00f6lgesine takviye yapmak i\u00e7in \u00e7al\u0131\u015fmalar\u0131n\u0131 s\u00fcrd\u00fcr\u00fcrken g\u00fcndemine ise son olarak Sacha Boey&#8217;u ald\u0131\u011f\u0131 \u00f6\u011frenildi. \u0130\u015fte&#8230;<a href=\"https:\/\/www.fotomac.com.tr\/fenerbahce\/2025\/07\/26\/fenerbahceden-sacha-boey-surprizi-transfer-boyle-bitecek\">Devam\u0131 i\u00e7in t\u0131klay\u0131n\u0131z<\/a><\/p>","protected":false},"excerpt":{"rendered":"<p>Fenerbah\u00e7e&#8217;de yeni sezonun transfer \u00e7al\u0131\u015fmalar\u0131 s\u00fcr\u00fcyor. Sar\u0131-lacivertliler, sa\u011f bek b\u00f6lgesine takviye yapmak i\u00e7in \u00e7al\u0131\u015fmalar\u0131n\u0131 s\u00fcrd\u00fcr\u00fcrken g\u00fcndemine ise son olarak Sacha Boey&#8217;u ald\u0131\u011f\u0131 \u00f6\u011frenildi. \u0130\u015fte&#8230;Devam\u0131 i\u00e7in t\u0131klay\u0131n\u0131z<\/p>\n","protected":false},"author":1,"featured_media":129284,"comment_status":"open","ping_status":"open","sticky":false,"template":"","format":"standard","meta":{"jnews-multi-image_gallery":[],"jnews_single_post":[],"jnews_primary_category":[],"jnews_social_meta":[],"jnews_review":[],"enable_review":"","type":"","name":"","summary":"","brand":"","sku":"","good":[],"bad":[],"score_override":"","override_value":"","rating":[],"price":[],"jnews_override_counter":[],"jnews_post_split":[],"footnotes":""},"categories":[92],"tags":[],"class_list":["post-129283","post","type-post","status-publish","format-standard","has-post-thumbnail","hentry","category-fotomac"],"amp_enabled":true,"_links":{"self":[{"href":"https:\/\/jetlak.app\/index.php?rest_route=\/wp\/v2\/posts\/129283","targetHints":{"allow":["GET"]}}],"collection":[{"href":"https:\/\/jetlak.app\/index.php?rest_route=\/wp\/v2\/posts"}],"about":[{"href":"https:\/\/jetlak.app\/index.php?rest_route=\/wp\/v2\/types\/post"}],"author":[{"embeddable":true,"href":"https:\/\/jetlak.app\/index.php?rest_route=\/wp\/v2\/users\/1"}],"replies":[{"embeddable":true,"href":"https:\/\/jetlak.app\/index.php?rest_route=%2Fwp%2Fv2%2Fcomments&post=129283"}],"version-history":[{"count":0,"href":"https:\/\/jetlak.app\/index.php?rest_route=\/wp\/v2\/posts\/129283\/revisions"}],"wp:featuredmedia":[{"embeddable":true,"href":"https:\/\/jetlak.app\/index.php?rest_route=\/wp\/v2\/media\/129284"}],"wp:attachment":[{"href":"https:\/\/jetlak.app\/index.php?rest_route=%2Fwp%2Fv2%2Fmedia&parent=129283"}],"wp:term":[{"taxonomy":"category","embeddable":true,"href":"https:\/\/jetlak.app\/index.php?rest_route=%2Fwp%2Fv2%2Fcategories&post=129283"},{"taxonomy":"post_tag","embeddable":true,"href":"https:\/\/jetlak.app\/index.php?rest_route=%2Fwp%2Fv2%2Ftags&post=129283"}],"curies":[{"name":"wp","href":"https:\/\/api.w.org\/{rel}","templated":true}]}}