{"id":129773,"date":"2025-07-26T08:54:29","date_gmt":"2025-07-26T05:54:29","guid":{"rendered":"https:\/\/jetlak.app\/?p=129773"},"modified":"2025-07-26T08:54:29","modified_gmt":"2025-07-26T05:54:29","slug":"nigel-hayes-davisin-yeni-takimi-belli-oldu","status":"publish","type":"post","link":"https:\/\/jetlak.app\/?p=129773","title":{"rendered":"Nigel Hayes-Davis&#8217;in yeni tak\u0131m\u0131 belli oldu"},"content":{"rendered":"<p><img decoding=\"async\" src=\"https:\/\/cdn1.ntv.com.tr\/gorsel\/vi41FmXqSU-AzfgpWGqQUQ.jpg?width=1200&amp;ampmode=crop&amp;ampscale=both\" class=\"type:primaryImage\" alt=\"Davis'in yeni tak\u0131m\u0131 belli oldu\" \/><\/p>\n<p>NBA&#8217;de Phoenix Suns, Nigel Hayes-Davis&#8217;i kadrosuna katt\u0131.<\/p>\n<p>NBA tak\u0131mlar\u0131ndan Phoenix Suns, son olarak Fenerbah\u00e7e Beko&#8217;da oynayan serbest stat\u00fcdeki forvet Nigel Hayes-Davis ile s\u00f6zle\u015fme imzalad\u0131.  Phoenix Suns&#8217;\u0131n a\u00e7\u0131klamas\u0131nda &#8220;Nigel resmen Phoenix Suns&#8217;ta.&#8221; denildi.  Nigel Hayes-Davis, Fenerbah\u00e7e Beko&#8217;da ge\u00e7en sezon THY Avrupa Ligi, lig ve kupa \u015fampiyonlu\u011fu ya\u015fad\u0131.  Sar\u0131-lacivertli formay\u0131 2 sezondur giyen Nigel Hayes-Davis, THY Avrupa Ligi\u2019nde d\u00f6rtl\u00fc finalin en de\u011ferli oyuncusu (MVP) \u00f6d\u00fcl\u00fcne de lay\u0131k g\u00f6r\u00fcld\u00fc.  Nigel Hayes-Davis, kariyerinde NBA&#8217;de Wisconsin, New York Knicks, LA Lakers, Toronto, Sacramento tak\u0131mlar\u0131 ile Galatasaray, Zalgiris, Barcelona ve Fenerbah\u00e7e Beko&#8217;da g\u00f6rev yapt\u0131.<\/p>","protected":false},"excerpt":{"rendered":"<p>NBA&#8217;de Phoenix Suns, Nigel Hayes-Davis&#8217;i kadrosuna katt\u0131. NBA tak\u0131mlar\u0131ndan Phoenix Suns, son olarak Fenerbah\u00e7e Beko&#8217;da oynayan serbest stat\u00fcdeki forvet Nigel Hayes-Davis ile s\u00f6zle\u015fme imzalad\u0131. Phoenix Suns&#8217;\u0131n a\u00e7\u0131klamas\u0131nda &#8220;Nigel resmen Phoenix Suns&#8217;ta.&#8221; denildi. Nigel Hayes-Davis, Fenerbah\u00e7e Beko&#8217;da ge\u00e7en sezon THY Avrupa Ligi, lig ve kupa \u015fampiyonlu\u011fu ya\u015fad\u0131. Sar\u0131-lacivertli formay\u0131 2 sezondur giyen Nigel Hayes-Davis, THY Avrupa [&hellip;]<\/p>\n","protected":false},"author":1,"featured_media":0,"comment_status":"open","ping_status":"open","sticky":false,"template":"","format":"standard","meta":{"jnews-multi-image_gallery":[],"jnews_single_post":[],"jnews_primary_category":[],"jnews_social_meta":[],"jnews_review":[],"enable_review":"","type":"","name":"","summary":"","brand":"","sku":"","good":[],"bad":[],"score_override":"","override_value":"","rating":[],"price":[],"jnews_override_counter":[],"jnews_post_split":[],"footnotes":""},"categories":[90],"tags":[],"class_list":["post-129773","post","type-post","status-publish","format-standard","hentry","category-ntv_spor"],"amp_enabled":true,"_links":{"self":[{"href":"https:\/\/jetlak.app\/index.php?rest_route=\/wp\/v2\/posts\/129773","targetHints":{"allow":["GET"]}}],"collection":[{"href":"https:\/\/jetlak.app\/index.php?rest_route=\/wp\/v2\/posts"}],"about":[{"href":"https:\/\/jetlak.app\/index.php?rest_route=\/wp\/v2\/types\/post"}],"author":[{"embeddable":true,"href":"https:\/\/jetlak.app\/index.php?rest_route=\/wp\/v2\/users\/1"}],"replies":[{"embeddable":true,"href":"https:\/\/jetlak.app\/index.php?rest_route=%2Fwp%2Fv2%2Fcomments&post=129773"}],"version-history":[{"count":0,"href":"https:\/\/jetlak.app\/index.php?rest_route=\/wp\/v2\/posts\/129773\/revisions"}],"wp:attachment":[{"href":"https:\/\/jetlak.app\/index.php?rest_route=%2Fwp%2Fv2%2Fmedia&parent=129773"}],"wp:term":[{"taxonomy":"category","embeddable":true,"href":"https:\/\/jetlak.app\/index.php?rest_route=%2Fwp%2Fv2%2Fcategories&post=129773"},{"taxonomy":"post_tag","embeddable":true,"href":"https:\/\/jetlak.app\/index.php?rest_route=%2Fwp%2Fv2%2Ftags&post=129773"}],"curies":[{"name":"wp","href":"https:\/\/api.w.org\/{rel}","templated":true}]}}