{"id":131273,"date":"2025-07-26T13:39:58","date_gmt":"2025-07-26T10:39:58","guid":{"rendered":"https:\/\/jetlak.app\/?p=131273"},"modified":"2025-07-26T13:39:58","modified_gmt":"2025-07-26T10:39:58","slug":"fenerbahce-yuksek-divan-kurulunda-ortalik-karisti","status":"publish","type":"post","link":"https:\/\/jetlak.app\/?p=131273","title":{"rendered":"Fenerbah\u00e7e Y\u00fcksek Divan Kurulu\u2019nda ortal\u0131k kar\u0131\u015ft\u0131!"},"content":{"rendered":"<p><img decoding=\"async\" src=\"https:\/\/iaftm.tmgrup.com.tr\/726d23\/1200\/675\/0\/156\/1280\/876?u=https:\/\/iftm.tmgrup.com.tr\/2025\/07\/26\/fenerbahce-yuksek-divan-kurulunda-ortalik-karisti-1753524946221.jpg\" alt=\"Fenerbah\u00e7e Y\u00fcksek Divan Kurulu\u2019nda ortal\u0131k kar\u0131\u015ft\u0131!\" \/><br \/>Son dakika haberleri&#8230; Fenerbah\u00e7e, Y\u00fcksek Divan Kurulu&#8217;nda ortal\u0131k kar\u0131\u015ft\u0131 ve kurula ara verildi. \u0130\u015fte detaylar&#8230;<a href=\"https:\/\/www.fotomac.com.tr\/fenerbahce\/2025\/07\/26\/fenerbahce-yuksek-divan-kurulunda-ortalik-karisti\">Devam\u0131 i\u00e7in t\u0131klay\u0131n\u0131z<\/a><\/p>","protected":false},"excerpt":{"rendered":"<p>Son dakika haberleri&#8230; Fenerbah\u00e7e, Y\u00fcksek Divan Kurulu&#8217;nda ortal\u0131k kar\u0131\u015ft\u0131 ve kurula ara verildi. \u0130\u015fte detaylar&#8230;Devam\u0131 i\u00e7in t\u0131klay\u0131n\u0131z<\/p>\n","protected":false},"author":1,"featured_media":131274,"comment_status":"open","ping_status":"open","sticky":false,"template":"","format":"standard","meta":{"jnews-multi-image_gallery":[],"jnews_single_post":[],"jnews_primary_category":[],"jnews_social_meta":[],"jnews_review":[],"enable_review":"","type":"","name":"","summary":"","brand":"","sku":"","good":[],"bad":[],"score_override":"","override_value":"","rating":[],"price":[],"jnews_override_counter":[],"jnews_post_split":[],"footnotes":""},"categories":[92],"tags":[],"class_list":["post-131273","post","type-post","status-publish","format-standard","has-post-thumbnail","hentry","category-fotomac"],"amp_enabled":true,"_links":{"self":[{"href":"https:\/\/jetlak.app\/index.php?rest_route=\/wp\/v2\/posts\/131273","targetHints":{"allow":["GET"]}}],"collection":[{"href":"https:\/\/jetlak.app\/index.php?rest_route=\/wp\/v2\/posts"}],"about":[{"href":"https:\/\/jetlak.app\/index.php?rest_route=\/wp\/v2\/types\/post"}],"author":[{"embeddable":true,"href":"https:\/\/jetlak.app\/index.php?rest_route=\/wp\/v2\/users\/1"}],"replies":[{"embeddable":true,"href":"https:\/\/jetlak.app\/index.php?rest_route=%2Fwp%2Fv2%2Fcomments&post=131273"}],"version-history":[{"count":0,"href":"https:\/\/jetlak.app\/index.php?rest_route=\/wp\/v2\/posts\/131273\/revisions"}],"wp:featuredmedia":[{"embeddable":true,"href":"https:\/\/jetlak.app\/index.php?rest_route=\/wp\/v2\/media\/131274"}],"wp:attachment":[{"href":"https:\/\/jetlak.app\/index.php?rest_route=%2Fwp%2Fv2%2Fmedia&parent=131273"}],"wp:term":[{"taxonomy":"category","embeddable":true,"href":"https:\/\/jetlak.app\/index.php?rest_route=%2Fwp%2Fv2%2Fcategories&post=131273"},{"taxonomy":"post_tag","embeddable":true,"href":"https:\/\/jetlak.app\/index.php?rest_route=%2Fwp%2Fv2%2Ftags&post=131273"}],"curies":[{"name":"wp","href":"https:\/\/api.w.org\/{rel}","templated":true}]}}