{"id":132030,"date":"2025-07-26T16:04:53","date_gmt":"2025-07-26T13:04:53","guid":{"rendered":"https:\/\/jetlak.app\/?p=132030"},"modified":"2025-07-26T16:04:53","modified_gmt":"2025-07-26T13:04:53","slug":"transfer-haberleri-galatasaray-krizi-firsata-cevirdi-gianluigi-donnarumma","status":"publish","type":"post","link":"https:\/\/jetlak.app\/?p=132030","title":{"rendered":"TRANSFER HABERLER\u0130: Galatasaray krizi f\u0131rsata \u00e7evirdi! Gianluigi Donnarumma&#8230;"},"content":{"rendered":"<p><img decoding=\"async\" src=\"https:\/\/iaftm.tmgrup.com.tr\/027758\/1200\/675\/14\/0\/728\/401?u=https:\/\/iftm.tmgrup.com.tr\/2025\/07\/26\/transfer-haberleri-galatasaray-krizi-firsata-cevirdi-gianluigi-donnarumma-1753534194729.jpeg\" alt=\"TRANSFER HABERLER\u0130: Galatasaray krizi f\u0131rsata \u00e7evirdi! Gianluigi Donnarumma...\" \/><br \/>Son dakika spor haberleri: Galatasaray&#8217;da 1 numara hamlesi i\u00e7in g\u00fcndemde bir\u00e7ok isim yer al\u0131yor. Sar\u0131 k\u0131rm\u0131z\u0131l\u0131larda bu noktada listenin ilk s\u0131ras\u0131nda d\u00fcnya y\u0131ld\u0131z\u0131 isim \u00f6ne \u00e7\u0131kt\u0131. Galatasaray&#8217;dan herkesi&#8230;<a href=\"https:\/\/www.fotomac.com.tr\/galatasaray\/2025\/07\/26\/transfer-haberleri-galatasaray-krizi-firsata-cevirdi-gianluigi-donnarumma\">Devam\u0131 i\u00e7in t\u0131klay\u0131n\u0131z<\/a><\/p>","protected":false},"excerpt":{"rendered":"<p>Son dakika spor haberleri: Galatasaray&#8217;da 1 numara hamlesi i\u00e7in g\u00fcndemde bir\u00e7ok isim yer al\u0131yor. Sar\u0131 k\u0131rm\u0131z\u0131l\u0131larda bu noktada listenin ilk s\u0131ras\u0131nda d\u00fcnya y\u0131ld\u0131z\u0131 isim \u00f6ne \u00e7\u0131kt\u0131. Galatasaray&#8217;dan herkesi&#8230;Devam\u0131 i\u00e7in t\u0131klay\u0131n\u0131z<\/p>\n","protected":false},"author":1,"featured_media":132031,"comment_status":"open","ping_status":"open","sticky":false,"template":"","format":"standard","meta":{"jnews-multi-image_gallery":[],"jnews_single_post":[],"jnews_primary_category":[],"jnews_social_meta":[],"jnews_review":[],"enable_review":"","type":"","name":"","summary":"","brand":"","sku":"","good":[],"bad":[],"score_override":"","override_value":"","rating":[],"price":[],"jnews_override_counter":[],"jnews_post_split":[],"footnotes":""},"categories":[92],"tags":[],"class_list":["post-132030","post","type-post","status-publish","format-standard","has-post-thumbnail","hentry","category-fotomac"],"amp_enabled":true,"_links":{"self":[{"href":"https:\/\/jetlak.app\/index.php?rest_route=\/wp\/v2\/posts\/132030","targetHints":{"allow":["GET"]}}],"collection":[{"href":"https:\/\/jetlak.app\/index.php?rest_route=\/wp\/v2\/posts"}],"about":[{"href":"https:\/\/jetlak.app\/index.php?rest_route=\/wp\/v2\/types\/post"}],"author":[{"embeddable":true,"href":"https:\/\/jetlak.app\/index.php?rest_route=\/wp\/v2\/users\/1"}],"replies":[{"embeddable":true,"href":"https:\/\/jetlak.app\/index.php?rest_route=%2Fwp%2Fv2%2Fcomments&post=132030"}],"version-history":[{"count":0,"href":"https:\/\/jetlak.app\/index.php?rest_route=\/wp\/v2\/posts\/132030\/revisions"}],"wp:featuredmedia":[{"embeddable":true,"href":"https:\/\/jetlak.app\/index.php?rest_route=\/wp\/v2\/media\/132031"}],"wp:attachment":[{"href":"https:\/\/jetlak.app\/index.php?rest_route=%2Fwp%2Fv2%2Fmedia&parent=132030"}],"wp:term":[{"taxonomy":"category","embeddable":true,"href":"https:\/\/jetlak.app\/index.php?rest_route=%2Fwp%2Fv2%2Fcategories&post=132030"},{"taxonomy":"post_tag","embeddable":true,"href":"https:\/\/jetlak.app\/index.php?rest_route=%2Fwp%2Fv2%2Ftags&post=132030"}],"curies":[{"name":"wp","href":"https:\/\/api.w.org\/{rel}","templated":true}]}}