{"id":132424,"date":"2025-07-26T17:05:02","date_gmt":"2025-07-26T14:05:02","guid":{"rendered":"https:\/\/jetlak.app\/?p=132424"},"modified":"2025-07-26T17:05:02","modified_gmt":"2025-07-26T14:05:02","slug":"umraniyespor-trabzonspor-maci-canli-izle","status":"publish","type":"post","link":"https:\/\/jetlak.app\/?p=132424","title":{"rendered":"\u00dcmraniyespor-Trabzonspor ma\u00e7\u0131 CANLI \u0130ZLE"},"content":{"rendered":"<p><img decoding=\"async\" src=\"https:\/\/iaftm.tmgrup.com.tr\/935529\/1200\/675\/0\/131\/659\/502?u=https:\/\/iftm.tmgrup.com.tr\/2025\/07\/26\/umraniyespor-trabzonspor-maci-canli-izle-1753521794340.jpg\" alt=\"\u00dcmraniyespor-Trabzonspor ma\u00e7\u0131 CANLI \u0130ZLE\" \/><br \/>S\u00fcper Lig devlerinden Trabzonspor&#8217;da sezon \u00f6ncesi haz\u0131rl\u0131klar s\u00fcr\u00fcyor. Bordo-mavililer son olarak haz\u0131rl\u0131k kar\u015f\u0131la\u015fmas\u0131nda 1. Lig ekiplerinden \u00dcmraniyespor ile kar\u015f\u0131 kar\u015f\u0131ya geliyor. Bu ma\u00e7\u0131 haberimizden&#8230;<a href=\"https:\/\/www.fotomac.com.tr\/trabzonspor\/2025\/07\/26\/umraniyespor-trabzonspor-maci-canli-izle\">Devam\u0131 i\u00e7in t\u0131klay\u0131n\u0131z<\/a><\/p>","protected":false},"excerpt":{"rendered":"<p>S\u00fcper Lig devlerinden Trabzonspor&#8217;da sezon \u00f6ncesi haz\u0131rl\u0131klar s\u00fcr\u00fcyor. Bordo-mavililer son olarak haz\u0131rl\u0131k kar\u015f\u0131la\u015fmas\u0131nda 1. Lig ekiplerinden \u00dcmraniyespor ile kar\u015f\u0131 kar\u015f\u0131ya geliyor. Bu ma\u00e7\u0131 haberimizden&#8230;Devam\u0131 i\u00e7in t\u0131klay\u0131n\u0131z<\/p>\n","protected":false},"author":1,"featured_media":132426,"comment_status":"open","ping_status":"open","sticky":false,"template":"","format":"standard","meta":{"jnews-multi-image_gallery":[],"jnews_single_post":[],"jnews_primary_category":[],"jnews_social_meta":[],"jnews_review":[],"enable_review":"","type":"","name":"","summary":"","brand":"","sku":"","good":[],"bad":[],"score_override":"","override_value":"","rating":[],"price":[],"jnews_override_counter":[],"jnews_post_split":[],"footnotes":""},"categories":[92],"tags":[],"class_list":["post-132424","post","type-post","status-publish","format-standard","has-post-thumbnail","hentry","category-fotomac"],"amp_enabled":true,"_links":{"self":[{"href":"https:\/\/jetlak.app\/index.php?rest_route=\/wp\/v2\/posts\/132424","targetHints":{"allow":["GET"]}}],"collection":[{"href":"https:\/\/jetlak.app\/index.php?rest_route=\/wp\/v2\/posts"}],"about":[{"href":"https:\/\/jetlak.app\/index.php?rest_route=\/wp\/v2\/types\/post"}],"author":[{"embeddable":true,"href":"https:\/\/jetlak.app\/index.php?rest_route=\/wp\/v2\/users\/1"}],"replies":[{"embeddable":true,"href":"https:\/\/jetlak.app\/index.php?rest_route=%2Fwp%2Fv2%2Fcomments&post=132424"}],"version-history":[{"count":0,"href":"https:\/\/jetlak.app\/index.php?rest_route=\/wp\/v2\/posts\/132424\/revisions"}],"wp:featuredmedia":[{"embeddable":true,"href":"https:\/\/jetlak.app\/index.php?rest_route=\/wp\/v2\/media\/132426"}],"wp:attachment":[{"href":"https:\/\/jetlak.app\/index.php?rest_route=%2Fwp%2Fv2%2Fmedia&parent=132424"}],"wp:term":[{"taxonomy":"category","embeddable":true,"href":"https:\/\/jetlak.app\/index.php?rest_route=%2Fwp%2Fv2%2Fcategories&post=132424"},{"taxonomy":"post_tag","embeddable":true,"href":"https:\/\/jetlak.app\/index.php?rest_route=%2Fwp%2Fv2%2Ftags&post=132424"}],"curies":[{"name":"wp","href":"https:\/\/api.w.org\/{rel}","templated":true}]}}