{"id":132997,"date":"2025-07-26T18:39:19","date_gmt":"2025-07-26T15:39:19","guid":{"rendered":"https:\/\/jetlak.app\/?p=132997"},"modified":"2025-07-26T18:39:19","modified_gmt":"2025-07-26T15:39:19","slug":"fenerbahceden-skriniar-teklifinde-revize-psgnin-transfer-karari","status":"publish","type":"post","link":"https:\/\/jetlak.app\/?p=132997","title":{"rendered":"Fenerbah\u00e7e&#8217;den Skriniar teklifinde revize! PSG&#8217;nin transfer karar\u0131&#8230;"},"content":{"rendered":"<p><img decoding=\"async\" src=\"https:\/\/iaftm.tmgrup.com.tr\/8bc2ed\/1200\/675\/0\/0\/800\/450?u=https:\/\/iftm.tmgrup.com.tr\/2025\/07\/26\/fenerbahceden-skriniar-teklifinde-revize-psgnin-transfer-karari-1753542775195.jpeg\" alt=\"Fenerbah\u00e7e'den Skriniar teklifinde revize! PSG'nin transfer karar\u0131...\" \/><br \/>Fenerbah\u00e7e, ge\u00e7en sezon tak\u0131mda PSG&#8217;den kiral\u0131k olarak forma giyen Milan Skriniar&#8217;\u0131n bonservisini almak i\u00e7in \u00e7al\u0131\u015fmalar\u0131n\u0131 s\u00fcrd\u00fcr\u00fcyor. \u00d6te yandan Skriniar&#8217;\u0131n Fenerbah\u00e7e&#8217;ye transferi konusunda son olarak&#8230;<a href=\"https:\/\/www.fotomac.com.tr\/fenerbahce\/2025\/07\/26\/fenerbahceden-skriniar-teklifinde-revize-psgnin-transfer-karari\">Devam\u0131 i\u00e7in t\u0131klay\u0131n\u0131z<\/a><\/p>","protected":false},"excerpt":{"rendered":"<p>Fenerbah\u00e7e, ge\u00e7en sezon tak\u0131mda PSG&#8217;den kiral\u0131k olarak forma giyen Milan Skriniar&#8217;\u0131n bonservisini almak i\u00e7in \u00e7al\u0131\u015fmalar\u0131n\u0131 s\u00fcrd\u00fcr\u00fcyor. \u00d6te yandan Skriniar&#8217;\u0131n Fenerbah\u00e7e&#8217;ye transferi konusunda son olarak&#8230;Devam\u0131 i\u00e7in t\u0131klay\u0131n\u0131z<\/p>\n","protected":false},"author":1,"featured_media":132998,"comment_status":"open","ping_status":"open","sticky":false,"template":"","format":"standard","meta":{"jnews-multi-image_gallery":[],"jnews_single_post":[],"jnews_primary_category":[],"jnews_social_meta":[],"jnews_review":[],"enable_review":"","type":"","name":"","summary":"","brand":"","sku":"","good":[],"bad":[],"score_override":"","override_value":"","rating":[],"price":[],"jnews_override_counter":[],"jnews_post_split":[],"footnotes":""},"categories":[92],"tags":[],"class_list":["post-132997","post","type-post","status-publish","format-standard","has-post-thumbnail","hentry","category-fotomac"],"amp_enabled":true,"_links":{"self":[{"href":"https:\/\/jetlak.app\/index.php?rest_route=\/wp\/v2\/posts\/132997","targetHints":{"allow":["GET"]}}],"collection":[{"href":"https:\/\/jetlak.app\/index.php?rest_route=\/wp\/v2\/posts"}],"about":[{"href":"https:\/\/jetlak.app\/index.php?rest_route=\/wp\/v2\/types\/post"}],"author":[{"embeddable":true,"href":"https:\/\/jetlak.app\/index.php?rest_route=\/wp\/v2\/users\/1"}],"replies":[{"embeddable":true,"href":"https:\/\/jetlak.app\/index.php?rest_route=%2Fwp%2Fv2%2Fcomments&post=132997"}],"version-history":[{"count":0,"href":"https:\/\/jetlak.app\/index.php?rest_route=\/wp\/v2\/posts\/132997\/revisions"}],"wp:featuredmedia":[{"embeddable":true,"href":"https:\/\/jetlak.app\/index.php?rest_route=\/wp\/v2\/media\/132998"}],"wp:attachment":[{"href":"https:\/\/jetlak.app\/index.php?rest_route=%2Fwp%2Fv2%2Fmedia&parent=132997"}],"wp:term":[{"taxonomy":"category","embeddable":true,"href":"https:\/\/jetlak.app\/index.php?rest_route=%2Fwp%2Fv2%2Fcategories&post=132997"},{"taxonomy":"post_tag","embeddable":true,"href":"https:\/\/jetlak.app\/index.php?rest_route=%2Fwp%2Fv2%2Ftags&post=132997"}],"curies":[{"name":"wp","href":"https:\/\/api.w.org\/{rel}","templated":true}]}}