{"id":133183,"date":"2025-07-26T19:11:19","date_gmt":"2025-07-26T16:11:19","guid":{"rendered":"https:\/\/jetlak.app\/?p=133183"},"modified":"2025-07-26T19:11:19","modified_gmt":"2025-07-26T16:11:19","slug":"galatasaray-osimhen-transferinde-sona-yaklasti-iste-resmi-aciklamanin-yapilacagi-tarih","status":"publish","type":"post","link":"https:\/\/jetlak.app\/?p=133183","title":{"rendered":"Galatasaray Osimhen transferinde sona yakla\u015ft\u0131! \u0130\u015fte resmi a\u00e7\u0131klaman\u0131n yap\u0131laca\u011f\u0131 tarih"},"content":{"rendered":"<p><img decoding=\"async\" src=\"https:\/\/iaftm.tmgrup.com.tr\/689fcc\/1200\/675\/0\/0\/900\/506?u=https:\/\/iftm.tmgrup.com.tr\/2025\/07\/26\/galatasaray-osimhen-transferinde-sona-yaklasti-iste-resmi-aciklamanin-yapilacagi-tarih-1753541948743.jpg\" alt=\"Galatasaray Osimhen transferinde sona yakla\u015ft\u0131! \u0130\u015fte resmi a\u00e7\u0131klaman\u0131n yap\u0131laca\u011f\u0131 tarih\" \/><br \/>Son dakika Galatasaray transfer haberi | Galatasaray ile Napoli aras\u0131nda Victor Osimhen&#8217;in transferi konusunda anla\u015fma sa\u011flan\u0131rken resmi a\u00e7\u0131klaman\u0131n ne zaman yap\u0131laca\u011f\u0131na dair \u0130talyan bas\u0131n\u0131ndan dikkat&#8230;<a href=\"https:\/\/www.fotomac.com.tr\/galatasaray\/2025\/07\/26\/galatasaray-osimhen-transferinde-sona-yaklasti-iste-resmi-aciklamanin-yapilacagi-tarih\">Devam\u0131 i\u00e7in t\u0131klay\u0131n\u0131z<\/a><\/p>","protected":false},"excerpt":{"rendered":"<p>Son dakika Galatasaray transfer haberi | Galatasaray ile Napoli aras\u0131nda Victor Osimhen&#8217;in transferi konusunda anla\u015fma sa\u011flan\u0131rken resmi a\u00e7\u0131klaman\u0131n ne zaman yap\u0131laca\u011f\u0131na dair \u0130talyan bas\u0131n\u0131ndan dikkat&#8230;Devam\u0131 i\u00e7in t\u0131klay\u0131n\u0131z<\/p>\n","protected":false},"author":1,"featured_media":133184,"comment_status":"open","ping_status":"open","sticky":false,"template":"","format":"standard","meta":{"jnews-multi-image_gallery":[],"jnews_single_post":[],"jnews_primary_category":[],"jnews_social_meta":[],"jnews_review":[],"enable_review":"","type":"","name":"","summary":"","brand":"","sku":"","good":[],"bad":[],"score_override":"","override_value":"","rating":[],"price":[],"jnews_override_counter":[],"jnews_post_split":[],"footnotes":""},"categories":[92],"tags":[],"class_list":["post-133183","post","type-post","status-publish","format-standard","has-post-thumbnail","hentry","category-fotomac"],"amp_enabled":true,"_links":{"self":[{"href":"https:\/\/jetlak.app\/index.php?rest_route=\/wp\/v2\/posts\/133183","targetHints":{"allow":["GET"]}}],"collection":[{"href":"https:\/\/jetlak.app\/index.php?rest_route=\/wp\/v2\/posts"}],"about":[{"href":"https:\/\/jetlak.app\/index.php?rest_route=\/wp\/v2\/types\/post"}],"author":[{"embeddable":true,"href":"https:\/\/jetlak.app\/index.php?rest_route=\/wp\/v2\/users\/1"}],"replies":[{"embeddable":true,"href":"https:\/\/jetlak.app\/index.php?rest_route=%2Fwp%2Fv2%2Fcomments&post=133183"}],"version-history":[{"count":0,"href":"https:\/\/jetlak.app\/index.php?rest_route=\/wp\/v2\/posts\/133183\/revisions"}],"wp:featuredmedia":[{"embeddable":true,"href":"https:\/\/jetlak.app\/index.php?rest_route=\/wp\/v2\/media\/133184"}],"wp:attachment":[{"href":"https:\/\/jetlak.app\/index.php?rest_route=%2Fwp%2Fv2%2Fmedia&parent=133183"}],"wp:term":[{"taxonomy":"category","embeddable":true,"href":"https:\/\/jetlak.app\/index.php?rest_route=%2Fwp%2Fv2%2Fcategories&post=133183"},{"taxonomy":"post_tag","embeddable":true,"href":"https:\/\/jetlak.app\/index.php?rest_route=%2Fwp%2Fv2%2Ftags&post=133183"}],"curies":[{"name":"wp","href":"https:\/\/api.w.org\/{rel}","templated":true}]}}