{"id":133922,"date":"2025-07-26T21:15:57","date_gmt":"2025-07-26T18:15:57","guid":{"rendered":"https:\/\/jetlak.app\/?p=133922"},"modified":"2025-07-26T21:15:57","modified_gmt":"2025-07-26T18:15:57","slug":"fenerbahceye-2-ligden-sasirtan-transfer-bunu-kimse-beklemiyordu","status":"publish","type":"post","link":"https:\/\/jetlak.app\/?p=133922","title":{"rendered":"Fenerbah\u00e7e&#8217;ye 2. Lig&#8217;den \u015fa\u015f\u0131rtan transfer! Bunu kimse beklemiyordu"},"content":{"rendered":"<p><img decoding=\"async\" src=\"https:\/\/iaftm.tmgrup.com.tr\/2af8ef\/1200\/675\/0\/0\/786\/442?u=https:\/\/iftm.tmgrup.com.tr\/2025\/07\/26\/fenerbahceye-2-ligden-sasirtan-transfer-bunu-kimse-beklemiyordu-1753551759179.jpg\" alt=\"Fenerbah\u00e7e'ye 2. Lig'den \u015fa\u015f\u0131rtan transfer! Bunu kimse beklemiyordu\" \/><br \/>Son dakika Fenerbah\u00e7e transfer haberleri: Kadrosunu g\u00fc\u00e7lendirmek i\u00e7in \u00e7al\u0131\u015fmalar\u0131n\u0131 s\u00fcrd\u00fcren Fenerbah\u00e7e ile ilgili s\u00fcrpriz bir iddia ortaya at\u0131ld\u0131. \u0130spanya bas\u0131n\u0131, sar\u0131-lacivertlilerin Real Valladollid&#8230;<a href=\"https:\/\/www.fotomac.com.tr\/fenerbahce\/2025\/07\/26\/fenerbahceye-2-ligden-sasirtan-transfer-bunu-kimse-beklemiyordu\">Devam\u0131 i\u00e7in t\u0131klay\u0131n\u0131z<\/a><\/p>","protected":false},"excerpt":{"rendered":"<p>Son dakika Fenerbah\u00e7e transfer haberleri: Kadrosunu g\u00fc\u00e7lendirmek i\u00e7in \u00e7al\u0131\u015fmalar\u0131n\u0131 s\u00fcrd\u00fcren Fenerbah\u00e7e ile ilgili s\u00fcrpriz bir iddia ortaya at\u0131ld\u0131. \u0130spanya bas\u0131n\u0131, sar\u0131-lacivertlilerin Real Valladollid&#8230;Devam\u0131 i\u00e7in t\u0131klay\u0131n\u0131z<\/p>\n","protected":false},"author":1,"featured_media":133923,"comment_status":"open","ping_status":"open","sticky":false,"template":"","format":"standard","meta":{"jnews-multi-image_gallery":[],"jnews_single_post":[],"jnews_primary_category":[],"jnews_social_meta":[],"jnews_review":[],"enable_review":"","type":"","name":"","summary":"","brand":"","sku":"","good":[],"bad":[],"score_override":"","override_value":"","rating":[],"price":[],"jnews_override_counter":[],"jnews_post_split":[],"footnotes":""},"categories":[92],"tags":[],"class_list":["post-133922","post","type-post","status-publish","format-standard","has-post-thumbnail","hentry","category-fotomac"],"amp_enabled":true,"_links":{"self":[{"href":"https:\/\/jetlak.app\/index.php?rest_route=\/wp\/v2\/posts\/133922","targetHints":{"allow":["GET"]}}],"collection":[{"href":"https:\/\/jetlak.app\/index.php?rest_route=\/wp\/v2\/posts"}],"about":[{"href":"https:\/\/jetlak.app\/index.php?rest_route=\/wp\/v2\/types\/post"}],"author":[{"embeddable":true,"href":"https:\/\/jetlak.app\/index.php?rest_route=\/wp\/v2\/users\/1"}],"replies":[{"embeddable":true,"href":"https:\/\/jetlak.app\/index.php?rest_route=%2Fwp%2Fv2%2Fcomments&post=133922"}],"version-history":[{"count":0,"href":"https:\/\/jetlak.app\/index.php?rest_route=\/wp\/v2\/posts\/133922\/revisions"}],"wp:featuredmedia":[{"embeddable":true,"href":"https:\/\/jetlak.app\/index.php?rest_route=\/wp\/v2\/media\/133923"}],"wp:attachment":[{"href":"https:\/\/jetlak.app\/index.php?rest_route=%2Fwp%2Fv2%2Fmedia&parent=133922"}],"wp:term":[{"taxonomy":"category","embeddable":true,"href":"https:\/\/jetlak.app\/index.php?rest_route=%2Fwp%2Fv2%2Fcategories&post=133922"},{"taxonomy":"post_tag","embeddable":true,"href":"https:\/\/jetlak.app\/index.php?rest_route=%2Fwp%2Fv2%2Ftags&post=133922"}],"curies":[{"name":"wp","href":"https:\/\/api.w.org\/{rel}","templated":true}]}}