{"id":134202,"date":"2025-07-26T22:05:50","date_gmt":"2025-07-26T19:05:50","guid":{"rendered":"https:\/\/jetlak.app\/?p=134202"},"modified":"2025-07-26T22:05:50","modified_gmt":"2025-07-26T19:05:50","slug":"benfica-fenerbahce-maci-canli-izle-hazirlik-maci-canli","status":"publish","type":"post","link":"https:\/\/jetlak.app\/?p=134202","title":{"rendered":"Benfica-Fenerbah\u00e7e ma\u00e7\u0131 CANLI \u0130ZLE | Haz\u0131rl\u0131k ma\u00e7\u0131 CANLI"},"content":{"rendered":"<p><img decoding=\"async\" src=\"https:\/\/iaftm.tmgrup.com.tr\/d6e761\/1200\/675\/0\/69\/943\/600?u=https:\/\/iftm.tmgrup.com.tr\/2025\/07\/26\/benfica-fenerbahce-maci-canli-izle-hazirlik-maci-canli-1753540668755.jpeg\" alt=\"Benfica-Fenerbah\u00e7e ma\u00e7\u0131 CANLI \u0130ZLE | Haz\u0131rl\u0131k ma\u00e7\u0131 CANLI\" \/><br \/>Trendyol S\u00fcper Lig\u2019in g\u00fc\u00e7l\u00fc ekibi Fenerbah\u00e7e, yeni sezon haz\u0131rl\u0131klar\u0131 kapsam\u0131nda Portekiz\u2019in k\u00f6kl\u00fc kul\u00fcplerinden Benfica ile kar\u015f\u0131 kar\u015f\u0131ya geliyor. Jose Mourinho y\u00f6netimindeki sar\u0131-lacivertliler, Portekiz&#8230;<a href=\"https:\/\/www.fotomac.com.tr\/fenerbahce\/2025\/07\/26\/benfica-fenerbahce-maci-canli-izle-hazirlik-maci-canli\">Devam\u0131 i\u00e7in t\u0131klay\u0131n\u0131z<\/a><\/p>","protected":false},"excerpt":{"rendered":"<p>Trendyol S\u00fcper Lig\u2019in g\u00fc\u00e7l\u00fc ekibi Fenerbah\u00e7e, yeni sezon haz\u0131rl\u0131klar\u0131 kapsam\u0131nda Portekiz\u2019in k\u00f6kl\u00fc kul\u00fcplerinden Benfica ile kar\u015f\u0131 kar\u015f\u0131ya geliyor. Jose Mourinho y\u00f6netimindeki sar\u0131-lacivertliler, Portekiz&#8230;Devam\u0131 i\u00e7in t\u0131klay\u0131n\u0131z<\/p>\n","protected":false},"author":1,"featured_media":134203,"comment_status":"open","ping_status":"open","sticky":false,"template":"","format":"standard","meta":{"jnews-multi-image_gallery":[],"jnews_single_post":[],"jnews_primary_category":[],"jnews_social_meta":[],"jnews_review":[],"enable_review":"","type":"","name":"","summary":"","brand":"","sku":"","good":[],"bad":[],"score_override":"","override_value":"","rating":[],"price":[],"jnews_override_counter":[],"jnews_post_split":[],"footnotes":""},"categories":[92],"tags":[],"class_list":["post-134202","post","type-post","status-publish","format-standard","has-post-thumbnail","hentry","category-fotomac"],"amp_enabled":true,"_links":{"self":[{"href":"https:\/\/jetlak.app\/index.php?rest_route=\/wp\/v2\/posts\/134202","targetHints":{"allow":["GET"]}}],"collection":[{"href":"https:\/\/jetlak.app\/index.php?rest_route=\/wp\/v2\/posts"}],"about":[{"href":"https:\/\/jetlak.app\/index.php?rest_route=\/wp\/v2\/types\/post"}],"author":[{"embeddable":true,"href":"https:\/\/jetlak.app\/index.php?rest_route=\/wp\/v2\/users\/1"}],"replies":[{"embeddable":true,"href":"https:\/\/jetlak.app\/index.php?rest_route=%2Fwp%2Fv2%2Fcomments&post=134202"}],"version-history":[{"count":0,"href":"https:\/\/jetlak.app\/index.php?rest_route=\/wp\/v2\/posts\/134202\/revisions"}],"wp:featuredmedia":[{"embeddable":true,"href":"https:\/\/jetlak.app\/index.php?rest_route=\/wp\/v2\/media\/134203"}],"wp:attachment":[{"href":"https:\/\/jetlak.app\/index.php?rest_route=%2Fwp%2Fv2%2Fmedia&parent=134202"}],"wp:term":[{"taxonomy":"category","embeddable":true,"href":"https:\/\/jetlak.app\/index.php?rest_route=%2Fwp%2Fv2%2Fcategories&post=134202"},{"taxonomy":"post_tag","embeddable":true,"href":"https:\/\/jetlak.app\/index.php?rest_route=%2Fwp%2Fv2%2Ftags&post=134202"}],"curies":[{"name":"wp","href":"https:\/\/api.w.org\/{rel}","templated":true}]}}