{"id":135933,"date":"2025-07-27T07:19:22","date_gmt":"2025-07-27T04:19:22","guid":{"rendered":"https:\/\/jetlak.app\/?p=135933"},"modified":"2025-07-27T07:19:22","modified_gmt":"2025-07-27T04:19:22","slug":"transfer-haberi-fenerbahce-ile-juventus-arasinda-orta-saha-takasi-amrabata-karsilik","status":"publish","type":"post","link":"https:\/\/jetlak.app\/?p=135933","title":{"rendered":"TRANSFER HABER\u0130: Fenerbah\u00e7e ile Juventus aras\u0131nda orta saha takas\u0131! Amrabat&#8217;a kar\u015f\u0131l\u0131k&#8230;"},"content":{"rendered":"<p><img decoding=\"async\" src=\"https:\/\/iaftm.tmgrup.com.tr\/defb4b\/1200\/675\/0\/0\/533\/299?u=https:\/\/iftm.tmgrup.com.tr\/2025\/07\/26\/luiz-haftasi-1753561306330.jpeg\" alt=\"TRANSFER HABER\u0130: Fenerbah\u00e7e ile Juventus aras\u0131nda orta saha takas\u0131! Amrabat'a kar\u015f\u0131l\u0131k...\" \/><br \/>Fenerbah\u00e7e&#8217;de yeni sezonun transfer \u00e7al\u0131\u015fmalar\u0131 s\u00fcr\u00fcyor. Sar\u0131-lacivertliler orta sahaya takviye yapmay\u0131 planlarken \u0130talyan bas\u0131n\u0131ndan fla\u015f bir transfer iddias\u0131 g\u00fcndeme geldi. Juventus&#8217;un o futbolcusu i\u00e7in&#8230;<a href=\"https:\/\/www.fotomac.com.tr\/fenerbahce\/2025\/07\/27\/transfer-haberi-fenerbahce-ile-juventus-arasinda-orta-saha-takasi-amrabata-karsilik\">Devam\u0131 i\u00e7in t\u0131klay\u0131n\u0131z<\/a><\/p>","protected":false},"excerpt":{"rendered":"<p>Fenerbah\u00e7e&#8217;de yeni sezonun transfer \u00e7al\u0131\u015fmalar\u0131 s\u00fcr\u00fcyor. Sar\u0131-lacivertliler orta sahaya takviye yapmay\u0131 planlarken \u0130talyan bas\u0131n\u0131ndan fla\u015f bir transfer iddias\u0131 g\u00fcndeme geldi. Juventus&#8217;un o futbolcusu i\u00e7in&#8230;Devam\u0131 i\u00e7in t\u0131klay\u0131n\u0131z<\/p>\n","protected":false},"author":1,"featured_media":135934,"comment_status":"open","ping_status":"open","sticky":false,"template":"","format":"standard","meta":{"jnews-multi-image_gallery":[],"jnews_single_post":[],"jnews_primary_category":[],"jnews_social_meta":[],"jnews_review":[],"enable_review":"","type":"","name":"","summary":"","brand":"","sku":"","good":[],"bad":[],"score_override":"","override_value":"","rating":[],"price":[],"jnews_override_counter":[],"jnews_post_split":[],"footnotes":""},"categories":[92],"tags":[],"class_list":["post-135933","post","type-post","status-publish","format-standard","has-post-thumbnail","hentry","category-fotomac"],"amp_enabled":true,"_links":{"self":[{"href":"https:\/\/jetlak.app\/index.php?rest_route=\/wp\/v2\/posts\/135933","targetHints":{"allow":["GET"]}}],"collection":[{"href":"https:\/\/jetlak.app\/index.php?rest_route=\/wp\/v2\/posts"}],"about":[{"href":"https:\/\/jetlak.app\/index.php?rest_route=\/wp\/v2\/types\/post"}],"author":[{"embeddable":true,"href":"https:\/\/jetlak.app\/index.php?rest_route=\/wp\/v2\/users\/1"}],"replies":[{"embeddable":true,"href":"https:\/\/jetlak.app\/index.php?rest_route=%2Fwp%2Fv2%2Fcomments&post=135933"}],"version-history":[{"count":0,"href":"https:\/\/jetlak.app\/index.php?rest_route=\/wp\/v2\/posts\/135933\/revisions"}],"wp:featuredmedia":[{"embeddable":true,"href":"https:\/\/jetlak.app\/index.php?rest_route=\/wp\/v2\/media\/135934"}],"wp:attachment":[{"href":"https:\/\/jetlak.app\/index.php?rest_route=%2Fwp%2Fv2%2Fmedia&parent=135933"}],"wp:term":[{"taxonomy":"category","embeddable":true,"href":"https:\/\/jetlak.app\/index.php?rest_route=%2Fwp%2Fv2%2Fcategories&post=135933"},{"taxonomy":"post_tag","embeddable":true,"href":"https:\/\/jetlak.app\/index.php?rest_route=%2Fwp%2Fv2%2Ftags&post=135933"}],"curies":[{"name":"wp","href":"https:\/\/api.w.org\/{rel}","templated":true}]}}