{"id":136294,"date":"2025-07-27T10:31:32","date_gmt":"2025-07-27T07:31:32","guid":{"rendered":"https:\/\/jetlak.app\/?p=136294"},"modified":"2025-07-27T10:31:32","modified_gmt":"2025-07-27T07:31:32","slug":"transfer-haberleri-fenerbahcede-o-futbolcu-ay-sonu-takimdan-ayrilacak","status":"publish","type":"post","link":"https:\/\/jetlak.app\/?p=136294","title":{"rendered":"TRANSFER HABERLER\u0130 | Fenerbah\u00e7e&#8217;de o futbolcu ay sonu tak\u0131mdan ayr\u0131lacak!"},"content":{"rendered":"<p><img decoding=\"async\" src=\"https:\/\/iaftm.tmgrup.com.tr\/00216e\/1200\/675\/0\/0\/534\/300?u=https:\/\/iftm.tmgrup.com.tr\/2025\/07\/27\/transfer-haberleri-fenerbahcede-o-futbolcu-ay-sonu-takimdan-ayrilacak-1753598557126.jpg\" alt=\"TRANSFER HABERLER\u0130 | Fenerbah\u00e7e'de o futbolcu ay sonu tak\u0131mdan ayr\u0131lacak!\" \/><br \/>S\u00fcper Lig devlerinden Fenerbah\u00e7e&#8217;de sezon \u00f6ncesi dikkat \u00e7eken geli\u015fmeler ya\u015fanmaya devam ediyor. Kanarya&#8217;da son olarak o futbolcunun ay sonu tak\u0131ma veda edece\u011fi \u00f6\u011frenildi. \u0130\u015fte detaylar&#8230;<a href=\"https:\/\/www.fotomac.com.tr\/fenerbahce\/2025\/07\/27\/transfer-haberleri-fenerbahcede-o-futbolcu-ay-sonu-takimdan-ayrilacak\">Devam\u0131 i\u00e7in t\u0131klay\u0131n\u0131z<\/a><\/p>","protected":false},"excerpt":{"rendered":"<p>S\u00fcper Lig devlerinden Fenerbah\u00e7e&#8217;de sezon \u00f6ncesi dikkat \u00e7eken geli\u015fmeler ya\u015fanmaya devam ediyor. Kanarya&#8217;da son olarak o futbolcunun ay sonu tak\u0131ma veda edece\u011fi \u00f6\u011frenildi. \u0130\u015fte detaylar&#8230;Devam\u0131 i\u00e7in t\u0131klay\u0131n\u0131z<\/p>\n","protected":false},"author":1,"featured_media":136295,"comment_status":"open","ping_status":"open","sticky":false,"template":"","format":"standard","meta":{"jnews-multi-image_gallery":[],"jnews_single_post":[],"jnews_primary_category":[],"jnews_social_meta":[],"jnews_review":[],"enable_review":"","type":"","name":"","summary":"","brand":"","sku":"","good":[],"bad":[],"score_override":"","override_value":"","rating":[],"price":[],"jnews_override_counter":[],"jnews_post_split":[],"footnotes":""},"categories":[92],"tags":[],"class_list":["post-136294","post","type-post","status-publish","format-standard","has-post-thumbnail","hentry","category-fotomac"],"amp_enabled":true,"_links":{"self":[{"href":"https:\/\/jetlak.app\/index.php?rest_route=\/wp\/v2\/posts\/136294","targetHints":{"allow":["GET"]}}],"collection":[{"href":"https:\/\/jetlak.app\/index.php?rest_route=\/wp\/v2\/posts"}],"about":[{"href":"https:\/\/jetlak.app\/index.php?rest_route=\/wp\/v2\/types\/post"}],"author":[{"embeddable":true,"href":"https:\/\/jetlak.app\/index.php?rest_route=\/wp\/v2\/users\/1"}],"replies":[{"embeddable":true,"href":"https:\/\/jetlak.app\/index.php?rest_route=%2Fwp%2Fv2%2Fcomments&post=136294"}],"version-history":[{"count":0,"href":"https:\/\/jetlak.app\/index.php?rest_route=\/wp\/v2\/posts\/136294\/revisions"}],"wp:featuredmedia":[{"embeddable":true,"href":"https:\/\/jetlak.app\/index.php?rest_route=\/wp\/v2\/media\/136295"}],"wp:attachment":[{"href":"https:\/\/jetlak.app\/index.php?rest_route=%2Fwp%2Fv2%2Fmedia&parent=136294"}],"wp:term":[{"taxonomy":"category","embeddable":true,"href":"https:\/\/jetlak.app\/index.php?rest_route=%2Fwp%2Fv2%2Fcategories&post=136294"},{"taxonomy":"post_tag","embeddable":true,"href":"https:\/\/jetlak.app\/index.php?rest_route=%2Fwp%2Fv2%2Ftags&post=136294"}],"curies":[{"name":"wp","href":"https:\/\/api.w.org\/{rel}","templated":true}]}}