{"id":136351,"date":"2025-07-27T10:55:54","date_gmt":"2025-07-27T07:55:54","guid":{"rendered":"https:\/\/jetlak.app\/?p=136351"},"modified":"2025-07-27T10:55:54","modified_gmt":"2025-07-27T07:55:54","slug":"transfer-haberleri-fenerbahcede-mimovic-icin-flas-karar","status":"publish","type":"post","link":"https:\/\/jetlak.app\/?p=136351","title":{"rendered":"TRANSFER HABERLER\u0130 | Fenerbah\u00e7e&#8217;de Mimovic i\u00e7in fla\u015f karar!"},"content":{"rendered":"<p><img decoding=\"async\" src=\"https:\/\/iaftm.tmgrup.com.tr\/53d4dd\/1200\/675\/0\/25\/800\/475?u=https:\/\/iftm.tmgrup.com.tr\/2025\/07\/27\/transfer-haberleri-fenerbahcede-mimovic-icin-flas-karar-1753600438910.jpeg\" alt=\"TRANSFER HABERLER\u0130 | Fenerbah\u00e7e'de Mimovic i\u00e7in fla\u015f karar!\" \/><br \/>Fenerbah\u00e7e&#8217;de tak\u0131mdaki gelece\u011fi merak konusu haline gelen Mimovic, i\u00e7in kritik karar \u00e7\u0131kt\u0131. \u0130\u015fte S\u0131rp futbolcu hakk\u0131nda ya\u015fanan geli\u015fmeler&#8230;<a href=\"https:\/\/www.fotomac.com.tr\/fenerbahce\/2025\/07\/27\/transfer-haberleri-fenerbahcede-mimovic-icin-flas-karar\">Devam\u0131 i\u00e7in t\u0131klay\u0131n\u0131z<\/a><\/p>","protected":false},"excerpt":{"rendered":"<p>Fenerbah\u00e7e&#8217;de tak\u0131mdaki gelece\u011fi merak konusu haline gelen Mimovic, i\u00e7in kritik karar \u00e7\u0131kt\u0131. \u0130\u015fte S\u0131rp futbolcu hakk\u0131nda ya\u015fanan geli\u015fmeler&#8230;Devam\u0131 i\u00e7in t\u0131klay\u0131n\u0131z<\/p>\n","protected":false},"author":1,"featured_media":136352,"comment_status":"open","ping_status":"open","sticky":false,"template":"","format":"standard","meta":{"jnews-multi-image_gallery":[],"jnews_single_post":[],"jnews_primary_category":[],"jnews_social_meta":[],"jnews_review":[],"enable_review":"","type":"","name":"","summary":"","brand":"","sku":"","good":[],"bad":[],"score_override":"","override_value":"","rating":[],"price":[],"jnews_override_counter":[],"jnews_post_split":[],"footnotes":""},"categories":[92],"tags":[],"class_list":["post-136351","post","type-post","status-publish","format-standard","has-post-thumbnail","hentry","category-fotomac"],"amp_enabled":true,"_links":{"self":[{"href":"https:\/\/jetlak.app\/index.php?rest_route=\/wp\/v2\/posts\/136351","targetHints":{"allow":["GET"]}}],"collection":[{"href":"https:\/\/jetlak.app\/index.php?rest_route=\/wp\/v2\/posts"}],"about":[{"href":"https:\/\/jetlak.app\/index.php?rest_route=\/wp\/v2\/types\/post"}],"author":[{"embeddable":true,"href":"https:\/\/jetlak.app\/index.php?rest_route=\/wp\/v2\/users\/1"}],"replies":[{"embeddable":true,"href":"https:\/\/jetlak.app\/index.php?rest_route=%2Fwp%2Fv2%2Fcomments&post=136351"}],"version-history":[{"count":0,"href":"https:\/\/jetlak.app\/index.php?rest_route=\/wp\/v2\/posts\/136351\/revisions"}],"wp:featuredmedia":[{"embeddable":true,"href":"https:\/\/jetlak.app\/index.php?rest_route=\/wp\/v2\/media\/136352"}],"wp:attachment":[{"href":"https:\/\/jetlak.app\/index.php?rest_route=%2Fwp%2Fv2%2Fmedia&parent=136351"}],"wp:term":[{"taxonomy":"category","embeddable":true,"href":"https:\/\/jetlak.app\/index.php?rest_route=%2Fwp%2Fv2%2Fcategories&post=136351"},{"taxonomy":"post_tag","embeddable":true,"href":"https:\/\/jetlak.app\/index.php?rest_route=%2Fwp%2Fv2%2Ftags&post=136351"}],"curies":[{"name":"wp","href":"https:\/\/api.w.org\/{rel}","templated":true}]}}