{"id":136457,"date":"2025-07-27T11:37:41","date_gmt":"2025-07-27T08:37:41","guid":{"rendered":"https:\/\/jetlak.app\/?p=136457"},"modified":"2025-07-27T11:37:41","modified_gmt":"2025-07-27T08:37:41","slug":"transfer-haberleri-galatasarayda-okan-buruktan-alvaro-morata-icin-ozel-istek","status":"publish","type":"post","link":"https:\/\/jetlak.app\/?p=136457","title":{"rendered":"TRANSFER HABERLER\u0130 | Galatasaray&#8217;da Okan Buruk&#8217;tan Alvaro Morata i\u00e7in \u00f6zel istek!"},"content":{"rendered":"<p><img decoding=\"async\" src=\"https:\/\/iaftm.tmgrup.com.tr\/12cf32\/1200\/675\/0\/0\/800\/450?u=https:\/\/iftm.tmgrup.com.tr\/2025\/07\/27\/transfer-haberleri-galatasarayda-okan-buruktan-alvaro-morata-icin-ozel-istek-1753603335584.jpg\" alt=\"TRANSFER HABERLER\u0130 | Galatasaray'da Okan Buruk'tan Alvaro Morata i\u00e7in \u00f6zel istek!\" \/><br \/>S\u00fcper Lig devlerinden Galatasaray&#8217;da gelece\u011fi merak konusu olan Alvaro Morata i\u00e7in Teknik Direkt\u00f6r Okan Buruk&#8217;tan dikkat \u00e7eken bir istek geldi. \u0130\u015fte detaylar&#8230;<a href=\"https:\/\/www.fotomac.com.tr\/galatasaray\/2025\/07\/27\/transfer-haberleri-galatasarayda-okan-buruktan-alvaro-morata-icin-ozel-istek\">Devam\u0131 i\u00e7in t\u0131klay\u0131n\u0131z<\/a><\/p>","protected":false},"excerpt":{"rendered":"<p>S\u00fcper Lig devlerinden Galatasaray&#8217;da gelece\u011fi merak konusu olan Alvaro Morata i\u00e7in Teknik Direkt\u00f6r Okan Buruk&#8217;tan dikkat \u00e7eken bir istek geldi. \u0130\u015fte detaylar&#8230;Devam\u0131 i\u00e7in t\u0131klay\u0131n\u0131z<\/p>\n","protected":false},"author":1,"featured_media":136458,"comment_status":"open","ping_status":"open","sticky":false,"template":"","format":"standard","meta":{"jnews-multi-image_gallery":[],"jnews_single_post":[],"jnews_primary_category":[],"jnews_social_meta":[],"jnews_review":[],"enable_review":"","type":"","name":"","summary":"","brand":"","sku":"","good":[],"bad":[],"score_override":"","override_value":"","rating":[],"price":[],"jnews_override_counter":[],"jnews_post_split":[],"footnotes":""},"categories":[92],"tags":[],"class_list":["post-136457","post","type-post","status-publish","format-standard","has-post-thumbnail","hentry","category-fotomac"],"amp_enabled":true,"_links":{"self":[{"href":"https:\/\/jetlak.app\/index.php?rest_route=\/wp\/v2\/posts\/136457","targetHints":{"allow":["GET"]}}],"collection":[{"href":"https:\/\/jetlak.app\/index.php?rest_route=\/wp\/v2\/posts"}],"about":[{"href":"https:\/\/jetlak.app\/index.php?rest_route=\/wp\/v2\/types\/post"}],"author":[{"embeddable":true,"href":"https:\/\/jetlak.app\/index.php?rest_route=\/wp\/v2\/users\/1"}],"replies":[{"embeddable":true,"href":"https:\/\/jetlak.app\/index.php?rest_route=%2Fwp%2Fv2%2Fcomments&post=136457"}],"version-history":[{"count":0,"href":"https:\/\/jetlak.app\/index.php?rest_route=\/wp\/v2\/posts\/136457\/revisions"}],"wp:featuredmedia":[{"embeddable":true,"href":"https:\/\/jetlak.app\/index.php?rest_route=\/wp\/v2\/media\/136458"}],"wp:attachment":[{"href":"https:\/\/jetlak.app\/index.php?rest_route=%2Fwp%2Fv2%2Fmedia&parent=136457"}],"wp:term":[{"taxonomy":"category","embeddable":true,"href":"https:\/\/jetlak.app\/index.php?rest_route=%2Fwp%2Fv2%2Fcategories&post=136457"},{"taxonomy":"post_tag","embeddable":true,"href":"https:\/\/jetlak.app\/index.php?rest_route=%2Fwp%2Fv2%2Ftags&post=136457"}],"curies":[{"name":"wp","href":"https:\/\/api.w.org\/{rel}","templated":true}]}}