{"id":136843,"date":"2025-07-27T13:42:14","date_gmt":"2025-07-27T10:42:14","guid":{"rendered":"https:\/\/jetlak.app\/?p=136843"},"modified":"2025-07-27T13:42:14","modified_gmt":"2025-07-27T10:42:14","slug":"galatasaraydan-1-lige-surpriz-transfer-resmen-aciklandi","status":"publish","type":"post","link":"https:\/\/jetlak.app\/?p=136843","title":{"rendered":"Galatasaray&#8217;dan 1. Lig&#8217;e s\u00fcrpriz transfer! Resmen a\u00e7\u0131kland\u0131"},"content":{"rendered":"<p><img decoding=\"async\" src=\"https:\/\/iaftm.tmgrup.com.tr\/9ffa24\/1200\/675\/324\/0\/1060\/415?u=https:\/\/iftm.tmgrup.com.tr\/2025\/07\/27\/galatasaraydan-1-lige-surpriz-transfer-resmen-aciklandi-1753610643663.jpg\" alt=\"Galatasaray'dan 1. Lig'e s\u00fcrpriz transfer! Resmen a\u00e7\u0131kland\u0131\" \/><br \/>S\u00fcper Lig devlerinden Galatasaray&#8217;dan 1. Lig&#8217;e s\u00fcrpriz bir transfer ger\u00e7ekle\u015fti. Konuyla ilgili resmi a\u00e7\u0131klama geldi. \u0130\u015fte detaylar&#8230;<a href=\"https:\/\/www.fotomac.com.tr\/galatasaray\/2025\/07\/27\/galatasaraydan-1-lige-surpriz-transfer-resmen-aciklandi\">Devam\u0131 i\u00e7in t\u0131klay\u0131n\u0131z<\/a><\/p>","protected":false},"excerpt":{"rendered":"<p>S\u00fcper Lig devlerinden Galatasaray&#8217;dan 1. Lig&#8217;e s\u00fcrpriz bir transfer ger\u00e7ekle\u015fti. Konuyla ilgili resmi a\u00e7\u0131klama geldi. \u0130\u015fte detaylar&#8230;Devam\u0131 i\u00e7in t\u0131klay\u0131n\u0131z<\/p>\n","protected":false},"author":1,"featured_media":136844,"comment_status":"open","ping_status":"open","sticky":false,"template":"","format":"standard","meta":{"jnews-multi-image_gallery":[],"jnews_single_post":[],"jnews_primary_category":[],"jnews_social_meta":[],"jnews_review":[],"enable_review":"","type":"","name":"","summary":"","brand":"","sku":"","good":[],"bad":[],"score_override":"","override_value":"","rating":[],"price":[],"jnews_override_counter":[],"jnews_post_split":[],"footnotes":""},"categories":[92],"tags":[],"class_list":["post-136843","post","type-post","status-publish","format-standard","has-post-thumbnail","hentry","category-fotomac"],"amp_enabled":true,"_links":{"self":[{"href":"https:\/\/jetlak.app\/index.php?rest_route=\/wp\/v2\/posts\/136843","targetHints":{"allow":["GET"]}}],"collection":[{"href":"https:\/\/jetlak.app\/index.php?rest_route=\/wp\/v2\/posts"}],"about":[{"href":"https:\/\/jetlak.app\/index.php?rest_route=\/wp\/v2\/types\/post"}],"author":[{"embeddable":true,"href":"https:\/\/jetlak.app\/index.php?rest_route=\/wp\/v2\/users\/1"}],"replies":[{"embeddable":true,"href":"https:\/\/jetlak.app\/index.php?rest_route=%2Fwp%2Fv2%2Fcomments&post=136843"}],"version-history":[{"count":0,"href":"https:\/\/jetlak.app\/index.php?rest_route=\/wp\/v2\/posts\/136843\/revisions"}],"wp:featuredmedia":[{"embeddable":true,"href":"https:\/\/jetlak.app\/index.php?rest_route=\/wp\/v2\/media\/136844"}],"wp:attachment":[{"href":"https:\/\/jetlak.app\/index.php?rest_route=%2Fwp%2Fv2%2Fmedia&parent=136843"}],"wp:term":[{"taxonomy":"category","embeddable":true,"href":"https:\/\/jetlak.app\/index.php?rest_route=%2Fwp%2Fv2%2Fcategories&post=136843"},{"taxonomy":"post_tag","embeddable":true,"href":"https:\/\/jetlak.app\/index.php?rest_route=%2Fwp%2Fv2%2Ftags&post=136843"}],"curies":[{"name":"wp","href":"https:\/\/api.w.org\/{rel}","templated":true}]}}