{"id":137107,"date":"2025-07-27T15:39:41","date_gmt":"2025-07-27T12:39:41","guid":{"rendered":"https:\/\/jetlak.app\/?p=137107"},"modified":"2025-07-27T15:39:41","modified_gmt":"2025-07-27T12:39:41","slug":"fenerbahceye-isvecten-surpriz-sol-kanat-transfer-yarisi-kizisti","status":"publish","type":"post","link":"https:\/\/jetlak.app\/?p=137107","title":{"rendered":"Fenerbah\u00e7e&#8217;ye \u0130sve\u00e7&#8217;ten s\u00fcrpriz sol kanat! Transfer yar\u0131\u015f\u0131 k\u0131z\u0131\u015ft\u0131"},"content":{"rendered":"<p><img decoding=\"async\" src=\"https:\/\/iaftm.tmgrup.com.tr\/76b620\/1200\/675\/97\/0\/609\/288?u=https:\/\/iftm.tmgrup.com.tr\/2025\/07\/27\/fenerbahceye-isvecten-surpriz-sol-kanat-transfer-yarisi-kizisti-1753617835023.jpg\" alt=\"Fenerbah\u00e7e'ye \u0130sve\u00e7'ten s\u00fcrpriz sol kanat! Transfer yar\u0131\u015f\u0131 k\u0131z\u0131\u015ft\u0131\" \/><br \/>S\u00fcper Lig devlerinden Fenerbah\u00e7e&#8217;de sezon \u00f6ncesi transferde s\u0131cak geli\u015fmeler ya\u015fanmaya devam ediyor. Kanarya&#8217;n\u0131n son olarak \u0130sve\u00e7&#8217;ten o futbolcuyla ilgilendi\u011fi \u00f6\u011frenildi. \u0130\u015fte haberin detaylar\u0131&#8230;<a href=\"https:\/\/www.fotomac.com.tr\/fenerbahce\/2025\/07\/27\/fenerbahceye-isvecten-surpriz-sol-kanat-transfer-yarisi-kizisti\">Devam\u0131 i\u00e7in t\u0131klay\u0131n\u0131z<\/a><\/p>","protected":false},"excerpt":{"rendered":"<p>S\u00fcper Lig devlerinden Fenerbah\u00e7e&#8217;de sezon \u00f6ncesi transferde s\u0131cak geli\u015fmeler ya\u015fanmaya devam ediyor. Kanarya&#8217;n\u0131n son olarak \u0130sve\u00e7&#8217;ten o futbolcuyla ilgilendi\u011fi \u00f6\u011frenildi. \u0130\u015fte haberin detaylar\u0131&#8230;Devam\u0131 i\u00e7in t\u0131klay\u0131n\u0131z<\/p>\n","protected":false},"author":1,"featured_media":137108,"comment_status":"open","ping_status":"open","sticky":false,"template":"","format":"standard","meta":{"jnews-multi-image_gallery":[],"jnews_single_post":[],"jnews_primary_category":[],"jnews_social_meta":[],"jnews_review":[],"enable_review":"","type":"","name":"","summary":"","brand":"","sku":"","good":[],"bad":[],"score_override":"","override_value":"","rating":[],"price":[],"jnews_override_counter":[],"jnews_post_split":[],"footnotes":""},"categories":[92],"tags":[],"class_list":["post-137107","post","type-post","status-publish","format-standard","has-post-thumbnail","hentry","category-fotomac"],"amp_enabled":true,"_links":{"self":[{"href":"https:\/\/jetlak.app\/index.php?rest_route=\/wp\/v2\/posts\/137107","targetHints":{"allow":["GET"]}}],"collection":[{"href":"https:\/\/jetlak.app\/index.php?rest_route=\/wp\/v2\/posts"}],"about":[{"href":"https:\/\/jetlak.app\/index.php?rest_route=\/wp\/v2\/types\/post"}],"author":[{"embeddable":true,"href":"https:\/\/jetlak.app\/index.php?rest_route=\/wp\/v2\/users\/1"}],"replies":[{"embeddable":true,"href":"https:\/\/jetlak.app\/index.php?rest_route=%2Fwp%2Fv2%2Fcomments&post=137107"}],"version-history":[{"count":0,"href":"https:\/\/jetlak.app\/index.php?rest_route=\/wp\/v2\/posts\/137107\/revisions"}],"wp:featuredmedia":[{"embeddable":true,"href":"https:\/\/jetlak.app\/index.php?rest_route=\/wp\/v2\/media\/137108"}],"wp:attachment":[{"href":"https:\/\/jetlak.app\/index.php?rest_route=%2Fwp%2Fv2%2Fmedia&parent=137107"}],"wp:term":[{"taxonomy":"category","embeddable":true,"href":"https:\/\/jetlak.app\/index.php?rest_route=%2Fwp%2Fv2%2Fcategories&post=137107"},{"taxonomy":"post_tag","embeddable":true,"href":"https:\/\/jetlak.app\/index.php?rest_route=%2Fwp%2Fv2%2Ftags&post=137107"}],"curies":[{"name":"wp","href":"https:\/\/api.w.org\/{rel}","templated":true}]}}