{"id":137505,"date":"2025-07-27T18:40:44","date_gmt":"2025-07-27T15:40:44","guid":{"rendered":"https:\/\/jetlak.app\/?p=137505"},"modified":"2025-07-27T18:40:44","modified_gmt":"2025-07-27T15:40:44","slug":"hakan-calhanogluna-buyuk-sok-sozlesmesi","status":"publish","type":"post","link":"https:\/\/jetlak.app\/?p=137505","title":{"rendered":"Hakan \u00c7alhano\u011flu&#8217;na b\u00fcy\u00fck \u015fok! S\u00f6zle\u015fmesi&#8230;"},"content":{"rendered":"<p><img decoding=\"async\" src=\"https:\/\/iaftm.tmgrup.com.tr\/2b2d2d\/1200\/675\/0\/0\/1500\/844?u=https:\/\/iftm.tmgrup.com.tr\/2025\/07\/27\/hakan-calhanogluna-buyuk-sok-sozlesmesi-1753629622518.jpeg\" alt=\"Hakan \u00c7alhano\u011flu'na b\u00fcy\u00fck \u015fok! S\u00f6zle\u015fmesi...\" \/><br \/>Son dakika spor haberleri: Hem Fenerbah\u00e7e hem de Galatasaray&#8217;\u0131n g\u00fcndemine gelen Hakan \u00c7alhano\u011flu, yaz transfer d\u00f6neminin en \u00e7ok konu\u015fulan isimlerinden biri oldu. \u0130talyan bas\u0131n\u0131, Inter&#8217;de kalmaya karar&#8230;<a href=\"https:\/\/www.fotomac.com.tr\/galatasaray\/2025\/07\/27\/hakan-calhanogluna-buyuk-sok-sozlesmesi\">Devam\u0131 i\u00e7in t\u0131klay\u0131n\u0131z<\/a><\/p>","protected":false},"excerpt":{"rendered":"<p>Son dakika spor haberleri: Hem Fenerbah\u00e7e hem de Galatasaray&#8217;\u0131n g\u00fcndemine gelen Hakan \u00c7alhano\u011flu, yaz transfer d\u00f6neminin en \u00e7ok konu\u015fulan isimlerinden biri oldu. \u0130talyan bas\u0131n\u0131, Inter&#8217;de kalmaya karar&#8230;Devam\u0131 i\u00e7in t\u0131klay\u0131n\u0131z<\/p>\n","protected":false},"author":1,"featured_media":137506,"comment_status":"open","ping_status":"open","sticky":false,"template":"","format":"standard","meta":{"jnews-multi-image_gallery":[],"jnews_single_post":[],"jnews_primary_category":[],"jnews_social_meta":[],"jnews_review":[],"enable_review":"","type":"","name":"","summary":"","brand":"","sku":"","good":[],"bad":[],"score_override":"","override_value":"","rating":[],"price":[],"jnews_override_counter":[],"jnews_post_split":[],"footnotes":""},"categories":[92],"tags":[],"class_list":["post-137505","post","type-post","status-publish","format-standard","has-post-thumbnail","hentry","category-fotomac"],"amp_enabled":true,"_links":{"self":[{"href":"https:\/\/jetlak.app\/index.php?rest_route=\/wp\/v2\/posts\/137505","targetHints":{"allow":["GET"]}}],"collection":[{"href":"https:\/\/jetlak.app\/index.php?rest_route=\/wp\/v2\/posts"}],"about":[{"href":"https:\/\/jetlak.app\/index.php?rest_route=\/wp\/v2\/types\/post"}],"author":[{"embeddable":true,"href":"https:\/\/jetlak.app\/index.php?rest_route=\/wp\/v2\/users\/1"}],"replies":[{"embeddable":true,"href":"https:\/\/jetlak.app\/index.php?rest_route=%2Fwp%2Fv2%2Fcomments&post=137505"}],"version-history":[{"count":0,"href":"https:\/\/jetlak.app\/index.php?rest_route=\/wp\/v2\/posts\/137505\/revisions"}],"wp:featuredmedia":[{"embeddable":true,"href":"https:\/\/jetlak.app\/index.php?rest_route=\/wp\/v2\/media\/137506"}],"wp:attachment":[{"href":"https:\/\/jetlak.app\/index.php?rest_route=%2Fwp%2Fv2%2Fmedia&parent=137505"}],"wp:term":[{"taxonomy":"category","embeddable":true,"href":"https:\/\/jetlak.app\/index.php?rest_route=%2Fwp%2Fv2%2Fcategories&post=137505"},{"taxonomy":"post_tag","embeddable":true,"href":"https:\/\/jetlak.app\/index.php?rest_route=%2Fwp%2Fv2%2Ftags&post=137505"}],"curies":[{"name":"wp","href":"https:\/\/api.w.org\/{rel}","templated":true}]}}