{"id":137908,"date":"2025-07-27T21:09:30","date_gmt":"2025-07-27T18:09:30","guid":{"rendered":"https:\/\/jetlak.app\/?p=137908"},"modified":"2025-07-27T21:09:30","modified_gmt":"2025-07-27T18:09:30","slug":"transfer-haberi-galatasarayda-ayrilik-yolda-baskan-resmen-acikladi","status":"publish","type":"post","link":"https:\/\/jetlak.app\/?p=137908","title":{"rendered":"TRANSFER HABER\u0130 &#8211; Galatasaray&#8217;da ayr\u0131l\u0131k yolda! Ba\u015fkan resmen a\u00e7\u0131klad\u0131"},"content":{"rendered":"<p><img decoding=\"async\" src=\"https:\/\/iaftm.tmgrup.com.tr\/5147be\/1200\/675\/59\/0\/716\/370?u=https:\/\/iftm.tmgrup.com.tr\/2025\/07\/27\/transfer-haberi-galatasarayda-ayrilik-yolda-baskan-resmen-acikladi-1753639078651.jpg\" alt=\"TRANSFER HABER\u0130 - Galatasaray'da ayr\u0131l\u0131k yolda! Ba\u015fkan resmen a\u00e7\u0131klad\u0131\" \/><br \/>Son dakika Galatasaray transfer haberleri: Yeni sezon haz\u0131rl\u0131klar\u0131n\u0131 s\u00fcrd\u00fcren Galatasaray&#8217;da s\u0131cak geli\u015fmeler ya\u015fan\u0131yor. Kadrosunu g\u00fc\u00e7lendirmek i\u00e7in aray\u0131\u015flar\u0131na devam eden sar\u0131-k\u0131rm\u0131z\u0131l\u0131lar, y\u0131ld\u0131z futbolcusuyla&#8230;<a href=\"https:\/\/www.fotomac.com.tr\/galatasaray\/2025\/07\/27\/transfer-haberi-galatasarayda-ayrilik-yolda-baskan-resmen-acikladi\">Devam\u0131 i\u00e7in t\u0131klay\u0131n\u0131z<\/a><\/p>","protected":false},"excerpt":{"rendered":"<p>Son dakika Galatasaray transfer haberleri: Yeni sezon haz\u0131rl\u0131klar\u0131n\u0131 s\u00fcrd\u00fcren Galatasaray&#8217;da s\u0131cak geli\u015fmeler ya\u015fan\u0131yor. Kadrosunu g\u00fc\u00e7lendirmek i\u00e7in aray\u0131\u015flar\u0131na devam eden sar\u0131-k\u0131rm\u0131z\u0131l\u0131lar, y\u0131ld\u0131z futbolcusuyla&#8230;Devam\u0131 i\u00e7in t\u0131klay\u0131n\u0131z<\/p>\n","protected":false},"author":1,"featured_media":137909,"comment_status":"open","ping_status":"open","sticky":false,"template":"","format":"standard","meta":{"jnews-multi-image_gallery":[],"jnews_single_post":[],"jnews_primary_category":[],"jnews_social_meta":[],"jnews_review":[],"enable_review":"","type":"","name":"","summary":"","brand":"","sku":"","good":[],"bad":[],"score_override":"","override_value":"","rating":[],"price":[],"jnews_override_counter":[],"jnews_post_split":[],"footnotes":""},"categories":[92],"tags":[],"class_list":["post-137908","post","type-post","status-publish","format-standard","has-post-thumbnail","hentry","category-fotomac"],"amp_enabled":true,"_links":{"self":[{"href":"https:\/\/jetlak.app\/index.php?rest_route=\/wp\/v2\/posts\/137908","targetHints":{"allow":["GET"]}}],"collection":[{"href":"https:\/\/jetlak.app\/index.php?rest_route=\/wp\/v2\/posts"}],"about":[{"href":"https:\/\/jetlak.app\/index.php?rest_route=\/wp\/v2\/types\/post"}],"author":[{"embeddable":true,"href":"https:\/\/jetlak.app\/index.php?rest_route=\/wp\/v2\/users\/1"}],"replies":[{"embeddable":true,"href":"https:\/\/jetlak.app\/index.php?rest_route=%2Fwp%2Fv2%2Fcomments&post=137908"}],"version-history":[{"count":0,"href":"https:\/\/jetlak.app\/index.php?rest_route=\/wp\/v2\/posts\/137908\/revisions"}],"wp:featuredmedia":[{"embeddable":true,"href":"https:\/\/jetlak.app\/index.php?rest_route=\/wp\/v2\/media\/137909"}],"wp:attachment":[{"href":"https:\/\/jetlak.app\/index.php?rest_route=%2Fwp%2Fv2%2Fmedia&parent=137908"}],"wp:term":[{"taxonomy":"category","embeddable":true,"href":"https:\/\/jetlak.app\/index.php?rest_route=%2Fwp%2Fv2%2Fcategories&post=137908"},{"taxonomy":"post_tag","embeddable":true,"href":"https:\/\/jetlak.app\/index.php?rest_route=%2Fwp%2Fv2%2Ftags&post=137908"}],"curies":[{"name":"wp","href":"https:\/\/api.w.org\/{rel}","templated":true}]}}