{"id":139149,"date":"2025-07-28T07:15:51","date_gmt":"2025-07-28T04:15:51","guid":{"rendered":"https:\/\/jetlak.app\/?p=139149"},"modified":"2025-07-28T07:15:51","modified_gmt":"2025-07-28T04:15:51","slug":"fenerbahce-transfer-haberi-skriniar-imza-icin-istanbula-geliyor-sozlesme-detaylari-belli-oldu","status":"publish","type":"post","link":"https:\/\/jetlak.app\/?p=139149","title":{"rendered":"FENERBAH\u00c7E TRANSFER HABER\u0130 | Skriniar imza i\u00e7in \u0130stanbul&#8217;a geliyor! S\u00f6zle\u015fme detaylar\u0131 belli oldu"},"content":{"rendered":"<p><img decoding=\"async\" src=\"https:\/\/iaftm.tmgrup.com.tr\/187a19\/1200\/675\/0\/0\/1500\/843?u=https:\/\/iftm.tmgrup.com.tr\/2025\/07\/27\/skriniar-2029a-kadar-fenerde-1753637943636.jpeg\" alt=\"FENERBAH\u00c7E TRANSFER HABER\u0130 | Skriniar imza i\u00e7in \u0130stanbul'a geliyor! S\u00f6zle\u015fme detaylar\u0131 belli oldu\" \/><br \/>Fenerbah\u00e7e&#8217;de \u00f6nemli transfer geli\u015fmeleri ya\u015fan\u0131yor. Sar\u0131-lacivertli ekip, ge\u00e7en sezon tak\u0131mda kiral\u0131k olarak forma giyen Milan Skriniar&#8217;\u0131n bonservisi konusunda PSG ile anla\u015fma sa\u011flad\u0131. Skriniar&#8217;\u0131n sa\u011fl\u0131k&#8230;<a href=\"https:\/\/www.fotomac.com.tr\/fenerbahce\/2025\/07\/28\/fenerbahce-transfer-haberi-skriniar-imza-icin-istanbula-geliyor-sozlesme-detaylari-belli-oldu\">Devam\u0131 i\u00e7in t\u0131klay\u0131n\u0131z<\/a><\/p>","protected":false},"excerpt":{"rendered":"<p>Fenerbah\u00e7e&#8217;de \u00f6nemli transfer geli\u015fmeleri ya\u015fan\u0131yor. Sar\u0131-lacivertli ekip, ge\u00e7en sezon tak\u0131mda kiral\u0131k olarak forma giyen Milan Skriniar&#8217;\u0131n bonservisi konusunda PSG ile anla\u015fma sa\u011flad\u0131. Skriniar&#8217;\u0131n sa\u011fl\u0131k&#8230;Devam\u0131 i\u00e7in t\u0131klay\u0131n\u0131z<\/p>\n","protected":false},"author":1,"featured_media":139150,"comment_status":"open","ping_status":"open","sticky":false,"template":"","format":"standard","meta":{"jnews-multi-image_gallery":[],"jnews_single_post":[],"jnews_primary_category":[],"jnews_social_meta":[],"jnews_review":[],"enable_review":"","type":"","name":"","summary":"","brand":"","sku":"","good":[],"bad":[],"score_override":"","override_value":"","rating":[],"price":[],"jnews_override_counter":[],"jnews_post_split":[],"footnotes":""},"categories":[92],"tags":[],"class_list":["post-139149","post","type-post","status-publish","format-standard","has-post-thumbnail","hentry","category-fotomac"],"amp_enabled":true,"_links":{"self":[{"href":"https:\/\/jetlak.app\/index.php?rest_route=\/wp\/v2\/posts\/139149","targetHints":{"allow":["GET"]}}],"collection":[{"href":"https:\/\/jetlak.app\/index.php?rest_route=\/wp\/v2\/posts"}],"about":[{"href":"https:\/\/jetlak.app\/index.php?rest_route=\/wp\/v2\/types\/post"}],"author":[{"embeddable":true,"href":"https:\/\/jetlak.app\/index.php?rest_route=\/wp\/v2\/users\/1"}],"replies":[{"embeddable":true,"href":"https:\/\/jetlak.app\/index.php?rest_route=%2Fwp%2Fv2%2Fcomments&post=139149"}],"version-history":[{"count":0,"href":"https:\/\/jetlak.app\/index.php?rest_route=\/wp\/v2\/posts\/139149\/revisions"}],"wp:featuredmedia":[{"embeddable":true,"href":"https:\/\/jetlak.app\/index.php?rest_route=\/wp\/v2\/media\/139150"}],"wp:attachment":[{"href":"https:\/\/jetlak.app\/index.php?rest_route=%2Fwp%2Fv2%2Fmedia&parent=139149"}],"wp:term":[{"taxonomy":"category","embeddable":true,"href":"https:\/\/jetlak.app\/index.php?rest_route=%2Fwp%2Fv2%2Fcategories&post=139149"},{"taxonomy":"post_tag","embeddable":true,"href":"https:\/\/jetlak.app\/index.php?rest_route=%2Fwp%2Fv2%2Ftags&post=139149"}],"curies":[{"name":"wp","href":"https:\/\/api.w.org\/{rel}","templated":true}]}}