{"id":139579,"date":"2025-07-28T11:18:38","date_gmt":"2025-07-28T08:18:38","guid":{"rendered":"https:\/\/jetlak.app\/?p=139579"},"modified":"2025-07-28T11:18:38","modified_gmt":"2025-07-28T08:18:38","slug":"fenerbahcede-fredden-mourinho-aciklamasi-bunu-herkes-biliyordur","status":"publish","type":"post","link":"https:\/\/jetlak.app\/?p=139579","title":{"rendered":"Fenerbah\u00e7e&#8217;de Fred&#8217;den Mourinho a\u00e7\u0131klamas\u0131: Bunu herkes biliyordur&#8230;"},"content":{"rendered":"<p><img decoding=\"async\" src=\"https:\/\/iaftm.tmgrup.com.tr\/dadab1\/1200\/675\/0\/0\/800\/449?u=https:\/\/iftm.tmgrup.com.tr\/2025\/07\/28\/fred-bu-sene-sampiyonlar-liginde-olmayi-cok-istiyoruz-1753688142935.png\" alt=\"Fenerbah\u00e7e'de Fred'den Mourinho a\u00e7\u0131klamas\u0131: Bunu herkes biliyordur...\" \/><br \/>Fenerbah\u00e7e&#8217;nin sevilen oyuncusu Fred \u00e7arp\u0131c\u0131 a\u00e7\u0131klamalarda bulundu. Brezilyal\u0131 orta sahan\u0131n Jose Mourinho ile ilgili s\u00f6zleri dikkat \u00e7ekti. \u0130\u015fte o s\u00f6zler&#8230; | Son Dakika FB Spor Haberleri<a href=\"https:\/\/www.fotomac.com.tr\/fenerbahce\/2025\/07\/28\/fenerbahcede-fredden-mourinho-aciklamasi-bunu-herkes-biliyordur\">Devam\u0131 i\u00e7in t\u0131klay\u0131n\u0131z<\/a><\/p>","protected":false},"excerpt":{"rendered":"<p>Fenerbah\u00e7e&#8217;nin sevilen oyuncusu Fred \u00e7arp\u0131c\u0131 a\u00e7\u0131klamalarda bulundu. Brezilyal\u0131 orta sahan\u0131n Jose Mourinho ile ilgili s\u00f6zleri dikkat \u00e7ekti. \u0130\u015fte o s\u00f6zler&#8230; | Son Dakika FB Spor HaberleriDevam\u0131 i\u00e7in t\u0131klay\u0131n\u0131z<\/p>\n","protected":false},"author":1,"featured_media":139580,"comment_status":"open","ping_status":"open","sticky":false,"template":"","format":"standard","meta":{"jnews-multi-image_gallery":[],"jnews_single_post":[],"jnews_primary_category":[],"jnews_social_meta":[],"jnews_review":[],"enable_review":"","type":"","name":"","summary":"","brand":"","sku":"","good":[],"bad":[],"score_override":"","override_value":"","rating":[],"price":[],"jnews_override_counter":[],"jnews_post_split":[],"footnotes":""},"categories":[92],"tags":[],"class_list":["post-139579","post","type-post","status-publish","format-standard","has-post-thumbnail","hentry","category-fotomac"],"amp_enabled":true,"_links":{"self":[{"href":"https:\/\/jetlak.app\/index.php?rest_route=\/wp\/v2\/posts\/139579","targetHints":{"allow":["GET"]}}],"collection":[{"href":"https:\/\/jetlak.app\/index.php?rest_route=\/wp\/v2\/posts"}],"about":[{"href":"https:\/\/jetlak.app\/index.php?rest_route=\/wp\/v2\/types\/post"}],"author":[{"embeddable":true,"href":"https:\/\/jetlak.app\/index.php?rest_route=\/wp\/v2\/users\/1"}],"replies":[{"embeddable":true,"href":"https:\/\/jetlak.app\/index.php?rest_route=%2Fwp%2Fv2%2Fcomments&post=139579"}],"version-history":[{"count":0,"href":"https:\/\/jetlak.app\/index.php?rest_route=\/wp\/v2\/posts\/139579\/revisions"}],"wp:featuredmedia":[{"embeddable":true,"href":"https:\/\/jetlak.app\/index.php?rest_route=\/wp\/v2\/media\/139580"}],"wp:attachment":[{"href":"https:\/\/jetlak.app\/index.php?rest_route=%2Fwp%2Fv2%2Fmedia&parent=139579"}],"wp:term":[{"taxonomy":"category","embeddable":true,"href":"https:\/\/jetlak.app\/index.php?rest_route=%2Fwp%2Fv2%2Fcategories&post=139579"},{"taxonomy":"post_tag","embeddable":true,"href":"https:\/\/jetlak.app\/index.php?rest_route=%2Fwp%2Fv2%2Ftags&post=139579"}],"curies":[{"name":"wp","href":"https:\/\/api.w.org\/{rel}","templated":true}]}}