{"id":139870,"date":"2025-07-28T13:20:00","date_gmt":"2025-07-28T10:20:00","guid":{"rendered":"https:\/\/jetlak.app\/?p=139870"},"modified":"2025-07-28T13:20:00","modified_gmt":"2025-07-28T10:20:00","slug":"2026-2027-toplu-sozlesme-sureci-basladi-memura-yeni-haklar-geliyor","status":"publish","type":"post","link":"https:\/\/jetlak.app\/?p=139870","title":{"rendered":"2026-2027 toplu s\u00f6zle\u015fme s\u00fcreci ba\u015flad\u0131! Memura yeni haklar geliyor"},"content":{"rendered":"<p>\u00c7al\u0131\u015fma ve Sosyal G\u00fcvenlik Bakan\u0131 Vedat I\u015f\u0131khan, 2026-2027 y\u0131llar\u0131n\u0131 kapsayan 8. D\u00f6nem Toplu S\u00f6zle\u015fme G\u00f6r\u00fc\u015fmeleri \u00f6ncesinde sendika temsilcileriyle bir araya geldi. Toplant\u0131ya Memur-Sen, T\u00fcrkiye Kamu-Sen ve Birle\u015fik Kamu-\u0130\u015f konfederasyonlar\u0131n\u0131n genel ba\u015fkanlar\u0131 ve sendika temsilcileri kat\u0131ld\u0131.<\/p>","protected":false},"excerpt":{"rendered":"<p>\u00c7al\u0131\u015fma ve Sosyal G\u00fcvenlik Bakan\u0131 Vedat I\u015f\u0131khan, 2026-2027 y\u0131llar\u0131n\u0131 kapsayan 8. D\u00f6nem Toplu S\u00f6zle\u015fme G\u00f6r\u00fc\u015fmeleri \u00f6ncesinde sendika temsilcileriyle bir araya geldi. Toplant\u0131ya Memur-Sen, T\u00fcrkiye Kamu-Sen ve Birle\u015fik Kamu-\u0130\u015f konfederasyonlar\u0131n\u0131n genel ba\u015fkanlar\u0131 ve sendika temsilcileri kat\u0131ld\u0131.<\/p>\n","protected":false},"author":1,"featured_media":0,"comment_status":"open","ping_status":"open","sticky":false,"template":"","format":"standard","meta":{"jnews-multi-image_gallery":[],"jnews_single_post":[],"jnews_primary_category":[],"jnews_social_meta":[],"jnews_review":[],"enable_review":"","type":"","name":"","summary":"","brand":"","sku":"","good":[],"bad":[],"score_override":"","override_value":"","rating":[],"price":[],"jnews_override_counter":[],"jnews_post_split":[],"footnotes":""},"categories":[106],"tags":[],"class_list":["post-139870","post","type-post","status-publish","format-standard","hentry","category-cnn-2"],"amp_enabled":true,"_links":{"self":[{"href":"https:\/\/jetlak.app\/index.php?rest_route=\/wp\/v2\/posts\/139870","targetHints":{"allow":["GET"]}}],"collection":[{"href":"https:\/\/jetlak.app\/index.php?rest_route=\/wp\/v2\/posts"}],"about":[{"href":"https:\/\/jetlak.app\/index.php?rest_route=\/wp\/v2\/types\/post"}],"author":[{"embeddable":true,"href":"https:\/\/jetlak.app\/index.php?rest_route=\/wp\/v2\/users\/1"}],"replies":[{"embeddable":true,"href":"https:\/\/jetlak.app\/index.php?rest_route=%2Fwp%2Fv2%2Fcomments&post=139870"}],"version-history":[{"count":0,"href":"https:\/\/jetlak.app\/index.php?rest_route=\/wp\/v2\/posts\/139870\/revisions"}],"wp:attachment":[{"href":"https:\/\/jetlak.app\/index.php?rest_route=%2Fwp%2Fv2%2Fmedia&parent=139870"}],"wp:term":[{"taxonomy":"category","embeddable":true,"href":"https:\/\/jetlak.app\/index.php?rest_route=%2Fwp%2Fv2%2Fcategories&post=139870"},{"taxonomy":"post_tag","embeddable":true,"href":"https:\/\/jetlak.app\/index.php?rest_route=%2Fwp%2Fv2%2Ftags&post=139870"}],"curies":[{"name":"wp","href":"https:\/\/api.w.org\/{rel}","templated":true}]}}