{"id":140414,"date":"2025-07-28T16:21:12","date_gmt":"2025-07-28T13:21:12","guid":{"rendered":"https:\/\/jetlak.app\/?p=140414"},"modified":"2025-07-28T16:21:12","modified_gmt":"2025-07-28T13:21:12","slug":"turk-hava-sahasinda-tarihi-rekorlar","status":"publish","type":"post","link":"https:\/\/jetlak.app\/?p=140414","title":{"rendered":"T\u00fcrk Hava sahas\u0131nda tarihi rekorlar"},"content":{"rendered":"<p>Ula\u015ft\u0131rma ve Altyap\u0131 Bakan\u0131 Abdulkadir Uralo\u011flu, T\u00fcrkiye hava sahas\u0131n\u0131n ula\u015ft\u0131\u011f\u0131 yeni ba\u015far\u0131lar\u0131 kamuoyuyla payla\u015ft\u0131. Avrupa Hava Seyr\u00fcsefer Emniyeti Te\u015fkilat\u0131 (EUROCONTROL) verilerine dayand\u0131r\u0131lan a\u00e7\u0131klamada, hava saham\u0131zda ayn\u0131 anda hem transit u\u00e7u\u015f hem de toplam u\u00e7ak trafi\u011fi a\u00e7\u0131s\u0131ndan rekor seviyelere ula\u015f\u0131ld\u0131\u011f\u0131 belirtildi.<\/p>","protected":false},"excerpt":{"rendered":"<p>Ula\u015ft\u0131rma ve Altyap\u0131 Bakan\u0131 Abdulkadir Uralo\u011flu, T\u00fcrkiye hava sahas\u0131n\u0131n ula\u015ft\u0131\u011f\u0131 yeni ba\u015far\u0131lar\u0131 kamuoyuyla payla\u015ft\u0131. Avrupa Hava Seyr\u00fcsefer Emniyeti Te\u015fkilat\u0131 (EUROCONTROL) verilerine dayand\u0131r\u0131lan a\u00e7\u0131klamada, hava saham\u0131zda ayn\u0131 anda hem transit u\u00e7u\u015f hem de toplam u\u00e7ak trafi\u011fi a\u00e7\u0131s\u0131ndan rekor seviyelere ula\u015f\u0131ld\u0131\u011f\u0131 belirtildi.<\/p>\n","protected":false},"author":1,"featured_media":0,"comment_status":"open","ping_status":"open","sticky":false,"template":"","format":"standard","meta":{"jnews-multi-image_gallery":[],"jnews_single_post":[],"jnews_primary_category":[],"jnews_social_meta":[],"jnews_review":[],"enable_review":"","type":"","name":"","summary":"","brand":"","sku":"","good":[],"bad":[],"score_override":"","override_value":"","rating":[],"price":[],"jnews_override_counter":[],"jnews_post_split":[],"footnotes":""},"categories":[106],"tags":[],"class_list":["post-140414","post","type-post","status-publish","format-standard","hentry","category-cnn-2"],"amp_enabled":true,"_links":{"self":[{"href":"https:\/\/jetlak.app\/index.php?rest_route=\/wp\/v2\/posts\/140414","targetHints":{"allow":["GET"]}}],"collection":[{"href":"https:\/\/jetlak.app\/index.php?rest_route=\/wp\/v2\/posts"}],"about":[{"href":"https:\/\/jetlak.app\/index.php?rest_route=\/wp\/v2\/types\/post"}],"author":[{"embeddable":true,"href":"https:\/\/jetlak.app\/index.php?rest_route=\/wp\/v2\/users\/1"}],"replies":[{"embeddable":true,"href":"https:\/\/jetlak.app\/index.php?rest_route=%2Fwp%2Fv2%2Fcomments&post=140414"}],"version-history":[{"count":0,"href":"https:\/\/jetlak.app\/index.php?rest_route=\/wp\/v2\/posts\/140414\/revisions"}],"wp:attachment":[{"href":"https:\/\/jetlak.app\/index.php?rest_route=%2Fwp%2Fv2%2Fmedia&parent=140414"}],"wp:term":[{"taxonomy":"category","embeddable":true,"href":"https:\/\/jetlak.app\/index.php?rest_route=%2Fwp%2Fv2%2Fcategories&post=140414"},{"taxonomy":"post_tag","embeddable":true,"href":"https:\/\/jetlak.app\/index.php?rest_route=%2Fwp%2Fv2%2Ftags&post=140414"}],"curies":[{"name":"wp","href":"https:\/\/api.w.org\/{rel}","templated":true}]}}