{"id":153377,"date":"2025-07-30T11:56:47","date_gmt":"2025-07-30T08:56:47","guid":{"rendered":"https:\/\/jetlak.app\/?p=153377"},"modified":"2025-07-30T11:56:47","modified_gmt":"2025-07-30T08:56:47","slug":"turk-is-baskani-atalay-duyurdu-1-agustosta-grev-basliyor","status":"publish","type":"post","link":"https:\/\/jetlak.app\/?p=153377","title":{"rendered":"T\u00fcrk-\u0130\u015f Ba\u015fkan\u0131 Atalay duyurdu! 1 A\u011fustos&#8217;ta grev ba\u015fl\u0131yor"},"content":{"rendered":"<p>Yakla\u015f\u0131k 600 bin kamu i\u015f\u00e7isini ilgilendiren toplu i\u015f s\u00f6zle\u015fmesi g\u00f6r\u00fc\u015fmeleri sonu\u00e7suz kald\u0131. T\u00fcrk-\u0130\u015f, anla\u015fmazl\u0131k nedeniyle bir\u00e7ok i\u015f yerinde grev karar\u0131 ald\u0131. Eti Maden\u2019de grev 1 A\u011fustos Cuma g\u00fcn\u00fc, Zonguldak madenlerinde ise 2 A\u011fustos Cumartesi g\u00fcn\u00fc ba\u015flayacak.<\/p>","protected":false},"excerpt":{"rendered":"<p>Yakla\u015f\u0131k 600 bin kamu i\u015f\u00e7isini ilgilendiren toplu i\u015f s\u00f6zle\u015fmesi g\u00f6r\u00fc\u015fmeleri sonu\u00e7suz kald\u0131. T\u00fcrk-\u0130\u015f, anla\u015fmazl\u0131k nedeniyle bir\u00e7ok i\u015f yerinde grev karar\u0131 ald\u0131. Eti Maden\u2019de grev 1 A\u011fustos Cuma g\u00fcn\u00fc, Zonguldak madenlerinde ise 2 A\u011fustos Cumartesi g\u00fcn\u00fc ba\u015flayacak.<\/p>\n","protected":false},"author":1,"featured_media":0,"comment_status":"open","ping_status":"open","sticky":false,"template":"","format":"standard","meta":{"jnews-multi-image_gallery":[],"jnews_single_post":[],"jnews_primary_category":[],"jnews_social_meta":[],"jnews_review":[],"enable_review":"","type":"","name":"","summary":"","brand":"","sku":"","good":[],"bad":[],"score_override":"","override_value":"","rating":[],"price":[],"jnews_override_counter":[],"jnews_post_split":[],"footnotes":""},"categories":[106],"tags":[],"class_list":["post-153377","post","type-post","status-publish","format-standard","hentry","category-cnn-2"],"amp_enabled":true,"_links":{"self":[{"href":"https:\/\/jetlak.app\/index.php?rest_route=\/wp\/v2\/posts\/153377","targetHints":{"allow":["GET"]}}],"collection":[{"href":"https:\/\/jetlak.app\/index.php?rest_route=\/wp\/v2\/posts"}],"about":[{"href":"https:\/\/jetlak.app\/index.php?rest_route=\/wp\/v2\/types\/post"}],"author":[{"embeddable":true,"href":"https:\/\/jetlak.app\/index.php?rest_route=\/wp\/v2\/users\/1"}],"replies":[{"embeddable":true,"href":"https:\/\/jetlak.app\/index.php?rest_route=%2Fwp%2Fv2%2Fcomments&post=153377"}],"version-history":[{"count":0,"href":"https:\/\/jetlak.app\/index.php?rest_route=\/wp\/v2\/posts\/153377\/revisions"}],"wp:attachment":[{"href":"https:\/\/jetlak.app\/index.php?rest_route=%2Fwp%2Fv2%2Fmedia&parent=153377"}],"wp:term":[{"taxonomy":"category","embeddable":true,"href":"https:\/\/jetlak.app\/index.php?rest_route=%2Fwp%2Fv2%2Fcategories&post=153377"},{"taxonomy":"post_tag","embeddable":true,"href":"https:\/\/jetlak.app\/index.php?rest_route=%2Fwp%2Fv2%2Ftags&post=153377"}],"curies":[{"name":"wp","href":"https:\/\/api.w.org\/{rel}","templated":true}]}}