{"id":153897,"date":"2025-07-30T13:40:50","date_gmt":"2025-07-30T10:40:50","guid":{"rendered":"https:\/\/jetlak.app\/?p=153897"},"modified":"2025-07-30T13:40:50","modified_gmt":"2025-07-30T10:40:50","slug":"2026ya-kadar-turkiyeye-7-yeni-avm-geliyor","status":"publish","type":"post","link":"https:\/\/jetlak.app\/?p=153897","title":{"rendered":"2026&#8217;ya kadar T\u00fcrkiye&#8217;ye 7 yeni AVM geliyor"},"content":{"rendered":"<p>Al\u0131\u015fveri\u015f Merkezleri ve Yat\u0131r\u0131mc\u0131lar\u0131 Derne\u011fi (AYD) Y\u00f6netim Kurulu Ba\u015fkan\u0131 Nuri \u015eapkac\u0131, T\u00fcrkiye genelinde 2026 y\u0131l\u0131 sonuna kadar toplam 7 yeni AVM a\u00e7\u0131laca\u011f\u0131n\u0131 a\u00e7\u0131klad\u0131. 2025\u2019te 42 bin metrekarelik 2 yeni AVM, 2026\u2019da ise 212 bin metrekarelik 5 AVM\u2019nin hizmete girmesi planlan\u0131yor. Yeni yat\u0131r\u0131mlar \u0130stanbul, Ankara, Mu\u011fla, Elaz\u0131\u011f ve D\u00fczce\u2019de ger\u00e7ekle\u015ftirilecek.<\/p>","protected":false},"excerpt":{"rendered":"<p>Al\u0131\u015fveri\u015f Merkezleri ve Yat\u0131r\u0131mc\u0131lar\u0131 Derne\u011fi (AYD) Y\u00f6netim Kurulu Ba\u015fkan\u0131 Nuri \u015eapkac\u0131, T\u00fcrkiye genelinde 2026 y\u0131l\u0131 sonuna kadar toplam 7 yeni AVM a\u00e7\u0131laca\u011f\u0131n\u0131 a\u00e7\u0131klad\u0131. 2025\u2019te 42 bin metrekarelik 2 yeni AVM, 2026\u2019da ise 212 bin metrekarelik 5 AVM\u2019nin hizmete girmesi planlan\u0131yor. Yeni yat\u0131r\u0131mlar \u0130stanbul, Ankara, Mu\u011fla, Elaz\u0131\u011f ve D\u00fczce\u2019de ger\u00e7ekle\u015ftirilecek.<\/p>\n","protected":false},"author":1,"featured_media":0,"comment_status":"open","ping_status":"open","sticky":false,"template":"","format":"standard","meta":{"jnews-multi-image_gallery":[],"jnews_single_post":[],"jnews_primary_category":[],"jnews_social_meta":[],"jnews_review":[],"enable_review":"","type":"","name":"","summary":"","brand":"","sku":"","good":[],"bad":[],"score_override":"","override_value":"","rating":[],"price":[],"jnews_override_counter":[],"jnews_post_split":[],"footnotes":""},"categories":[106],"tags":[],"class_list":["post-153897","post","type-post","status-publish","format-standard","hentry","category-cnn-2"],"amp_enabled":true,"_links":{"self":[{"href":"https:\/\/jetlak.app\/index.php?rest_route=\/wp\/v2\/posts\/153897","targetHints":{"allow":["GET"]}}],"collection":[{"href":"https:\/\/jetlak.app\/index.php?rest_route=\/wp\/v2\/posts"}],"about":[{"href":"https:\/\/jetlak.app\/index.php?rest_route=\/wp\/v2\/types\/post"}],"author":[{"embeddable":true,"href":"https:\/\/jetlak.app\/index.php?rest_route=\/wp\/v2\/users\/1"}],"replies":[{"embeddable":true,"href":"https:\/\/jetlak.app\/index.php?rest_route=%2Fwp%2Fv2%2Fcomments&post=153897"}],"version-history":[{"count":0,"href":"https:\/\/jetlak.app\/index.php?rest_route=\/wp\/v2\/posts\/153897\/revisions"}],"wp:attachment":[{"href":"https:\/\/jetlak.app\/index.php?rest_route=%2Fwp%2Fv2%2Fmedia&parent=153897"}],"wp:term":[{"taxonomy":"category","embeddable":true,"href":"https:\/\/jetlak.app\/index.php?rest_route=%2Fwp%2Fv2%2Fcategories&post=153897"},{"taxonomy":"post_tag","embeddable":true,"href":"https:\/\/jetlak.app\/index.php?rest_route=%2Fwp%2Fv2%2Ftags&post=153897"}],"curies":[{"name":"wp","href":"https:\/\/api.w.org\/{rel}","templated":true}]}}