{"id":167286,"date":"2025-08-01T11:30:41","date_gmt":"2025-08-01T08:30:41","guid":{"rendered":"https:\/\/jetlak.app\/?p=167286"},"modified":"2025-08-01T11:30:41","modified_gmt":"2025-08-01T08:30:41","slug":"turkiyenin-celik-ihracati-2025in-ilk-yarisinda-yukseliste","status":"publish","type":"post","link":"https:\/\/jetlak.app\/?p=167286","title":{"rendered":"T\u00fcrkiye&#8217;nin \u00e7elik ihracat\u0131 2025&#8217;in ilk yar\u0131s\u0131nda y\u00fckseli\u015fte"},"content":{"rendered":"<p>T\u00fcrkiye\u2019nin \u00e7elik sekt\u00f6r\u00fc, 2025 y\u0131l\u0131n\u0131n ilk yar\u0131s\u0131nda g\u00fc\u00e7l\u00fc bir ihracat performans\u0131 sergiledi. T\u00fcrkiye \u00c7elik \u00dcreticileri Derne\u011fi (T\u00c7\u00dcD) verilerine g\u00f6re \u00e7elik \u00fcr\u00fcnleri ihracat\u0131 miktar baz\u0131nda y\u00fczde 18,6 artarak 7,7 milyon tona, de\u011fer baz\u0131nda ise y\u00fczde 8,8 y\u00fckseli\u015fle 5,2 milyar dolara ula\u015ft\u0131.<\/p>","protected":false},"excerpt":{"rendered":"<p>T\u00fcrkiye\u2019nin \u00e7elik sekt\u00f6r\u00fc, 2025 y\u0131l\u0131n\u0131n ilk yar\u0131s\u0131nda g\u00fc\u00e7l\u00fc bir ihracat performans\u0131 sergiledi. T\u00fcrkiye \u00c7elik \u00dcreticileri Derne\u011fi (T\u00c7\u00dcD) verilerine g\u00f6re \u00e7elik \u00fcr\u00fcnleri ihracat\u0131 miktar baz\u0131nda y\u00fczde 18,6 artarak 7,7 milyon tona, de\u011fer baz\u0131nda ise y\u00fczde 8,8 y\u00fckseli\u015fle 5,2 milyar dolara ula\u015ft\u0131.<\/p>\n","protected":false},"author":1,"featured_media":0,"comment_status":"open","ping_status":"open","sticky":false,"template":"","format":"standard","meta":{"jnews-multi-image_gallery":[],"jnews_single_post":[],"jnews_primary_category":[],"jnews_social_meta":[],"jnews_review":[],"enable_review":"","type":"","name":"","summary":"","brand":"","sku":"","good":[],"bad":[],"score_override":"","override_value":"","rating":[],"price":[],"jnews_override_counter":[],"jnews_post_split":[],"footnotes":""},"categories":[106],"tags":[],"class_list":["post-167286","post","type-post","status-publish","format-standard","hentry","category-cnn-2"],"amp_enabled":true,"_links":{"self":[{"href":"https:\/\/jetlak.app\/index.php?rest_route=\/wp\/v2\/posts\/167286","targetHints":{"allow":["GET"]}}],"collection":[{"href":"https:\/\/jetlak.app\/index.php?rest_route=\/wp\/v2\/posts"}],"about":[{"href":"https:\/\/jetlak.app\/index.php?rest_route=\/wp\/v2\/types\/post"}],"author":[{"embeddable":true,"href":"https:\/\/jetlak.app\/index.php?rest_route=\/wp\/v2\/users\/1"}],"replies":[{"embeddable":true,"href":"https:\/\/jetlak.app\/index.php?rest_route=%2Fwp%2Fv2%2Fcomments&post=167286"}],"version-history":[{"count":0,"href":"https:\/\/jetlak.app\/index.php?rest_route=\/wp\/v2\/posts\/167286\/revisions"}],"wp:attachment":[{"href":"https:\/\/jetlak.app\/index.php?rest_route=%2Fwp%2Fv2%2Fmedia&parent=167286"}],"wp:term":[{"taxonomy":"category","embeddable":true,"href":"https:\/\/jetlak.app\/index.php?rest_route=%2Fwp%2Fv2%2Fcategories&post=167286"},{"taxonomy":"post_tag","embeddable":true,"href":"https:\/\/jetlak.app\/index.php?rest_route=%2Fwp%2Fv2%2Ftags&post=167286"}],"curies":[{"name":"wp","href":"https:\/\/api.w.org\/{rel}","templated":true}]}}